{"id":9995,"date":"2011-07-17T23:23:04","date_gmt":"2011-07-17T21:23:04","guid":{"rendered":"http:\/\/www.andreas-edler.de\/blog\/?p=9995"},"modified":"2011-07-17T23:23:04","modified_gmt":"2011-07-17T21:23:04","slug":"tastatur-vom-eee-pc-repariert","status":"publish","type":"post","link":"https:\/\/www.andreas-edler.de\/blog\/2011\/07\/tastatur-vom-eee-pc-repariert\/","title":{"rendered":"Tastatur vom Eee-PC repariert"},"content":{"rendered":"<p>Wollte ich immer noch nach setzen: die <a href=\"http:\/\/www.andreas-edler.de\/blog\/2011\/07\/eee-pc-900a-loest-sich-langsam-auf\/\">kaputte Tastatur vom Netbook<\/a> ist wieder heile. War gar kein Hardwaredefekt, sondern irgendwas in den Innereien des Eee-PC hatte sich aufgeh\u00e4ngt. Wahrscheinlich &#8211; so steht es in einigen Foren &#8211; weil ich die Tastatur abgezogen habe, w\u00e4hrend der Akku noch im Ger\u00e4t war.<\/p>\n<p>Die L\u00f6sung ist simpel: unten im Geh\u00e4use ist eine kleine \u00d6ffnung, durch die man mit einer B\u00fcroklammer einen Resettaster bedienen kann. Diesen eine Zeitlang (20 Sekunden oder so) gedr\u00fcckt halten und alles ist wieder in Butter!<\/p>\n","protected":false},"excerpt":{"rendered":"<p>Wollte ich immer noch nach setzen: die kaputte Tastatur vom Netbook ist wieder heile. War gar kein Hardwaredefekt, sondern irgendwas in den Innereien des Eee-PC hatte sich aufgeh\u00e4ngt. Wahrscheinlich &#8211; so steht es in einigen Foren &#8211; weil ich die &hellip;<\/p>\n<p class=\"read-more\"> <a class=\"more-link\" href=\"https:\/\/www.andreas-edler.de\/blog\/2011\/07\/tastatur-vom-eee-pc-repariert\/\"> <span class=\"screen-reader-text\">Tastatur vom Eee-PC repariert<\/span> Weiterlesen &raquo;<\/a><\/p>\n","protected":false},"author":1,"featured_media":0,"comment_status":"open","ping_status":"open","sticky":false,"template":"","format":"standard","meta":{"ngg_post_thumbnail":0,"activitypub_content_warning":"","activitypub_content_visibility":"","activitypub_max_image_attachments":2,"activitypub_interaction_policy_quote":"anyone","activitypub_status":"","footnotes":""},"categories":[22],"tags":[24],"class_list":["post-9995","post","type-post","status-publish","format-standard","hentry","category-basteln","tag-computer"],"share_on_mastodon":{"url":"","error":""},"_links":{"self":[{"href":"https:\/\/www.andreas-edler.de\/blog\/wp-json\/wp\/v2\/posts\/9995","targetHints":{"allow":["GET"]}}],"collection":[{"href":"https:\/\/www.andreas-edler.de\/blog\/wp-json\/wp\/v2\/posts"}],"about":[{"href":"https:\/\/www.andreas-edler.de\/blog\/wp-json\/wp\/v2\/types\/post"}],"author":[{"embeddable":true,"href":"https:\/\/www.andreas-edler.de\/blog\/wp-json\/wp\/v2\/users\/1"}],"replies":[{"embeddable":true,"href":"https:\/\/www.andreas-edler.de\/blog\/wp-json\/wp\/v2\/comments?post=9995"}],"version-history":[{"count":0,"href":"https:\/\/www.andreas-edler.de\/blog\/wp-json\/wp\/v2\/posts\/9995\/revisions"}],"wp:attachment":[{"href":"https:\/\/www.andreas-edler.de\/blog\/wp-json\/wp\/v2\/media?parent=9995"}],"wp:term":[{"taxonomy":"category","embeddable":true,"href":"https:\/\/www.andreas-edler.de\/blog\/wp-json\/wp\/v2\/categories?post=9995"},{"taxonomy":"post_tag","embeddable":true,"href":"https:\/\/www.andreas-edler.de\/blog\/wp-json\/wp\/v2\/tags?post=9995"}],"curies":[{"name":"wp","href":"https:\/\/api.w.org\/{rel}","templated":true}]}}