{"id":9992,"date":"2011-07-17T20:47:13","date_gmt":"2011-07-17T18:47:13","guid":{"rendered":"http:\/\/www.andreas-edler.de\/blog\/?p=9992"},"modified":"2011-07-17T20:52:45","modified_gmt":"2011-07-17T18:52:45","slug":"duschkabine-dicht","status":"publish","type":"post","link":"https:\/\/www.andreas-edler.de\/blog\/2011\/07\/duschkabine-dicht\/","title":{"rendered":"Duschkabine dicht"},"content":{"rendered":"<p>Vor fast einem Jahr haben wir <a href=\"http:\/\/www.andreas-edler.de\/blog\/2010\/08\/dusche-renoviert\/\" title=\"Dusche renoviert\">unsere Dusche renoviert<\/a>. Das Teil ist wahrscheinlich so alt wie das Haus gewesen und sah dann &#8211; trotzdem wir nun keine ausgemachten Potts\u00e4ue sind ;-) &#8211; leidlich mitgenommen aus. Irgendwann ist halt Schicht. Ich hatte mich damals f\u00fcr eine (sehr, sehr g\u00fcnstige) Schiebet\u00fcr aus Glas entschieden. Obwohl eigentlich alle davon abgeraten haben, zu schlecht zu reinigen, Eckeinstieg ohje und so weiter. Tats\u00e4chlich haben wir in dem Ding vielleicht dreimal geduscht. <\/p>\n<p style=\"text-align:center;font-size: smaller;\"><img decoding=\"async\" src=\"http:\/\/www.andreas-edler.de\/grafik\/blog_2011\/20110717_duschkabine.jpg\" width=\"470\" border=\"0\" alt=\"\" title=\"\"><\/p>\n<p> So richtig dicht habe ich die Schiebet\u00fcr auch nie bekommen. Irgendwie kam immer irgendwo Wasser raus. Nun haben wir das Gl\u00fcck, im Keller eine Dusche zu haben, die bestens funktioniert und so war der Leidensdruck im Badezimmer etwas anderes zu installieren gering. Schlu\u00dfendlich hat aber der Wunsch nach etwas Ordentlichem gesiegt.<\/p>\n<p><a href=\"http:\/\/www.andreas-edler.de\/blog\/2011\/06\/bestellung-im-baumarkt\/\" title=\"Bestellung bei Toom\">Nach anf\u00e4nglichen Schwierigkeiten<\/a> haben wir endlich eine Vollglasseitenwand nebst T\u00fcr im Haus gehabt. Und so nach und nach habe ich das auch eingebaut. Nun ist seit gestern auch noch ein letzter Aluwinkel montiert, an dem ich eine Verstrebung befestigt habe, damit die Seitenwand oben fest ist. Sitzt. Und ist sogar richtig dicht, da kommt nix mehr raus!<\/p>\n<p>Achja, wir duschen immer noch im Keller ;-)<\/p>\n","protected":false},"excerpt":{"rendered":"<p>Vor fast einem Jahr haben wir unsere Dusche renoviert. Das Teil ist wahrscheinlich so alt wie das Haus gewesen und sah dann &#8211; trotzdem wir nun keine ausgemachten Potts\u00e4ue sind ;-) &#8211; leidlich mitgenommen aus. Irgendwann ist halt Schicht. Ich &hellip;<\/p>\n<p class=\"read-more\"> <a class=\"more-link\" href=\"https:\/\/www.andreas-edler.de\/blog\/2011\/07\/duschkabine-dicht\/\"> <span class=\"screen-reader-text\">Duschkabine dicht<\/span> Weiterlesen &raquo;<\/a><\/p>\n","protected":false},"author":1,"featured_media":0,"comment_status":"open","ping_status":"open","sticky":false,"template":"","format":"standard","meta":{"ngg_post_thumbnail":0,"activitypub_content_warning":"","activitypub_content_visibility":"","activitypub_max_image_attachments":2,"activitypub_interaction_policy_quote":"anyone","activitypub_status":"","footnotes":""},"categories":[22],"tags":[],"class_list":["post-9992","post","type-post","status-publish","format-standard","hentry","category-basteln"],"share_on_mastodon":{"url":"","error":""},"_links":{"self":[{"href":"https:\/\/www.andreas-edler.de\/blog\/wp-json\/wp\/v2\/posts\/9992","targetHints":{"allow":["GET"]}}],"collection":[{"href":"https:\/\/www.andreas-edler.de\/blog\/wp-json\/wp\/v2\/posts"}],"about":[{"href":"https:\/\/www.andreas-edler.de\/blog\/wp-json\/wp\/v2\/types\/post"}],"author":[{"embeddable":true,"href":"https:\/\/www.andreas-edler.de\/blog\/wp-json\/wp\/v2\/users\/1"}],"replies":[{"embeddable":true,"href":"https:\/\/www.andreas-edler.de\/blog\/wp-json\/wp\/v2\/comments?post=9992"}],"version-history":[{"count":0,"href":"https:\/\/www.andreas-edler.de\/blog\/wp-json\/wp\/v2\/posts\/9992\/revisions"}],"wp:attachment":[{"href":"https:\/\/www.andreas-edler.de\/blog\/wp-json\/wp\/v2\/media?parent=9992"}],"wp:term":[{"taxonomy":"category","embeddable":true,"href":"https:\/\/www.andreas-edler.de\/blog\/wp-json\/wp\/v2\/categories?post=9992"},{"taxonomy":"post_tag","embeddable":true,"href":"https:\/\/www.andreas-edler.de\/blog\/wp-json\/wp\/v2\/tags?post=9992"}],"curies":[{"name":"wp","href":"https:\/\/api.w.org\/{rel}","templated":true}]}}