{"id":9949,"date":"2011-07-06T07:42:28","date_gmt":"2011-07-06T05:42:28","guid":{"rendered":"http:\/\/www.andreas-edler.de\/blog\/?p=9949"},"modified":"2022-06-12T17:56:31","modified_gmt":"2022-06-12T15:56:31","slug":"eidinghausener-strasse-angucken","status":"publish","type":"post","link":"https:\/\/www.andreas-edler.de\/blog\/2011\/07\/eidinghausener-strasse-angucken\/","title":{"rendered":"Eidinghausener Stra\u00dfe angucken"},"content":{"rendered":"<p>W\u00e4hrend der Runde gestern bin ich zun\u00e4chst die Eidinghausener Stra\u00dfe bis zur neuen Br\u00fccke gefahren. Dabei ist mir mal wieder der Running Gag &#8222;die Bake&#8220; aufgefallen. Wie albern ist es bitte sch\u00f6n, den Mangel nicht einfach mal in einer halben Stunde abzustellen? <\/p>\n<p style=\"text-align:center;font-size: smaller;\"><img decoding=\"async\" src=\"http:\/\/www.andreas-edler.de\/grafik\/blog_2011\/20110705_bake_eidinghausener.jpg\" width=\"470\" border=\"0\" alt=\"\" title=\"\"><\/p>\n<p> Seit Jahren steht das Ding jetzt dort und f\u00fchrt eine Benutzungspflicht ad absurdum. Auch solche Absenkungen tragen nicht dazu bei, dass man als Radler sicher unterwegs ist. <\/p>\n<p style=\"text-align:center;font-size: smaller;\"><img decoding=\"async\" src=\"http:\/\/www.andreas-edler.de\/grafik\/blog_2011\/20110705_eidinghausener_absenkung.jpg\" width=\"470\" border=\"0\" alt=\"\" title=\"\"><\/p>\n<p> Die Fahrbahn daneben ist bestens in Schu\u00df. Da kann man v\u00f6llig gefahrlos Rad fahren. Man darf es aber per Order der Verwaltungen nicht.<\/p>\n<p>Danach wollte ich mich vergewissern, wo im n\u00f6rdlichen Bereich der Eidinghausener noch eine Benutzungspflicht f\u00fcr den unsicheren Radweg besteht. Am Kreisel ist kein Schild mehr zu sehen. Das kommt erst in H\u00f6he des Gemeindehauses. <\/p>\n<p style=\"text-align:center;font-size: smaller;\"><img decoding=\"async\" src=\"http:\/\/www.andreas-edler.de\/grafik\/blog_2011\/20110705_benutzungspflicht_kindergarten.jpg\" width=\"470\" border=\"0\" alt=\"\" title=\"\"><\/p>\n<p> Um dann aber schon an der n\u00e4chsten Einm\u00fcndung keine 500 Meter weiter nicht wiederholt zu werden. Warum die verantwortlichen Stellen hier nicht endlich das letzte verbliebene Zeichen auch entsorgen, ist mir v\u00f6llig schleierhaft. Allerdings wird man auch das kurze St\u00fcck aus Sicherheitsgr\u00fcnden nicht benutzen. Das Aus- und Einf\u00e4deln in den flie\u00dfenden Verkehr ist viel zu aufw\u00e4ndig. <\/p>\n<p style=\"text-align:center;font-size: smaller;\"><img decoding=\"async\" src=\"http:\/\/www.andreas-edler.de\/grafik\/blog_2011\/20110705_benutzungspflicht_weg.jpg\" width=\"470\" border=\"0\" alt=\"\" title=\"\"><\/p>\n<p> Auf dem Weg zur\u00fcck aus Richtung Mindener Stra\u00dfe gibt es auch immer noch reichlich gef\u00e4hrliche Stellen, die ich allerdings gestern nicht mehr alle dokumentiert habe. Nur als ich an dem <a href=\"http:\/\/www.andreas-edler.de\/blog\/2010\/05\/ordentlich-ausgebessert\/\">vor einem Jahr fachm\u00e4nnisch ausgebesserten Schlagloch<\/a> vorbei fuhr, musste ich inne halten. Das Ding bricht schon wieder weg. <\/p>\n<p style=\"text-align:center;font-size: smaller;\"><img decoding=\"async\" src=\"http:\/\/www.andreas-edler.de\/grafik\/blog_2011\/20110705_eidinghausener_fachmaennisch_repariert.jpg\" width=\"470\" border=\"0\" alt=\"\" title=\"\"><\/p>\n<p> Sehr sch\u00f6n kann man sehen, dass da wohl doch kein so gro\u00dfer Fachmann am Werk war. Das Loch wurde mit Hohlraum verf\u00fcllt, man sieht unten die alte Decke. Nun ist alles wieder weg geschwemmt und das Loch wird rasch gr\u00f6\u00dfer werden. Sch\u00f6ner als vorher. <\/p>\n<p style=\"text-align:center;font-size: smaller;\"><img decoding=\"async\" src=\"http:\/\/www.andreas-edler.de\/grafik\/blog_2011\/20110705_eidinghausener_fachmaennisch_repariert_2.jpg\" width=\"470\" border=\"0\" alt=\"\" title=\"\"><\/p>\n<p> Ich bin mal gespannt, wie lange das jetzt dauert, bis das Loch gro\u00df genug ist, damit man t\u00e4tig wird.<\/p>\n","protected":false},"excerpt":{"rendered":"<p>W\u00e4hrend der Runde gestern bin ich zun\u00e4chst die Eidinghausener Stra\u00dfe bis zur neuen Br\u00fccke gefahren. Dabei ist mir mal wieder der Running Gag &#8222;die Bake&#8220; aufgefallen. Wie albern ist es bitte sch\u00f6n, den Mangel nicht einfach mal in einer halben &hellip;<\/p>\n<p class=\"read-more\"> <a class=\"more-link\" href=\"https:\/\/www.andreas-edler.de\/blog\/2011\/07\/eidinghausener-strasse-angucken\/\"> <span class=\"screen-reader-text\">Eidinghausener Stra\u00dfe angucken<\/span> Weiterlesen &raquo;<\/a><\/p>\n","protected":false},"author":1,"featured_media":0,"comment_status":"open","ping_status":"open","sticky":false,"template":"","format":"standard","meta":{"ngg_post_thumbnail":0,"activitypub_content_warning":"","activitypub_content_visibility":"","activitypub_max_image_attachments":2,"activitypub_interaction_policy_quote":"anyone","activitypub_status":"","footnotes":""},"categories":[14,15,13],"tags":[262,110,251,168,76,520],"class_list":["post-9949","post","type-post","status-publish","format-standard","hentry","category-bad-oeynhausen","category-fahrrad","category-verkehr","tag-eidinghausener-strasse","tag-fahrradfreundliche-stadt","tag-infrastruktur","tag-klimafreundliche-mobilitaet","tag-sicherheit","tag-werrestrasse"],"share_on_mastodon":{"url":"","error":""},"_links":{"self":[{"href":"https:\/\/www.andreas-edler.de\/blog\/wp-json\/wp\/v2\/posts\/9949","targetHints":{"allow":["GET"]}}],"collection":[{"href":"https:\/\/www.andreas-edler.de\/blog\/wp-json\/wp\/v2\/posts"}],"about":[{"href":"https:\/\/www.andreas-edler.de\/blog\/wp-json\/wp\/v2\/types\/post"}],"author":[{"embeddable":true,"href":"https:\/\/www.andreas-edler.de\/blog\/wp-json\/wp\/v2\/users\/1"}],"replies":[{"embeddable":true,"href":"https:\/\/www.andreas-edler.de\/blog\/wp-json\/wp\/v2\/comments?post=9949"}],"version-history":[{"count":0,"href":"https:\/\/www.andreas-edler.de\/blog\/wp-json\/wp\/v2\/posts\/9949\/revisions"}],"wp:attachment":[{"href":"https:\/\/www.andreas-edler.de\/blog\/wp-json\/wp\/v2\/media?parent=9949"}],"wp:term":[{"taxonomy":"category","embeddable":true,"href":"https:\/\/www.andreas-edler.de\/blog\/wp-json\/wp\/v2\/categories?post=9949"},{"taxonomy":"post_tag","embeddable":true,"href":"https:\/\/www.andreas-edler.de\/blog\/wp-json\/wp\/v2\/tags?post=9949"}],"curies":[{"name":"wp","href":"https:\/\/api.w.org\/{rel}","templated":true}]}}