{"id":9934,"date":"2011-07-03T15:46:18","date_gmt":"2011-07-03T13:46:18","guid":{"rendered":"http:\/\/www.andreas-edler.de\/blog\/?p=9934"},"modified":"2013-11-02T14:48:12","modified_gmt":"2013-11-02T13:48:12","slug":"minispielfest-in-mollbergen","status":"publish","type":"post","link":"https:\/\/www.andreas-edler.de\/blog\/2011\/07\/minispielfest-in-mollbergen\/","title":{"rendered":"Minispielfest in M\u00f6llbergen"},"content":{"rendered":"<p>Nach dem anstrengenden Schulfest vom Vortag, ging es heute morgen um kurz nach 9 Uhr schon wieder aus dem Haus. Der <a href=\"http:\/\/www.tus09-moellbergen.de\">TUS 09 M\u00f6llbergen<\/a> hatte die Minis eingeladen, an einem kleinen Turnier teilzunehmen. Und wie wir am Treffpunkt auf die Abfahrt warteten, \u00f6ffnete der Himmel das erste Mal die Pforten. Je, das ist echt kein sch\u00f6nes Wetter zur Zeit. Einen ganz kleinen Moment wurde \u00fcberlegt, die Sache gar nicht erst in Angriff zu nehmen. Aber das h\u00e4tte ich gegen\u00fcber dem Ausrichter als ein wenig unh\u00f6flich empfunden und es wurde auch gar nicht weiter vertieft. <\/p>\n<p style=\"text-align:center;font-size: smaller;\"><img decoding=\"async\" src=\"http:\/\/www.andreas-edler.de\/grafik\/blog_2011\/20110703_minispielfest_moellbergen_2.jpg\" width=\"470\" border=\"0\" alt=\"\" title=\"\"><\/p>\n<p> In M\u00f6llbergen konnte der HCE dann sogar zwei Mannschaften stellen, so viele Minis waren mitgereist. Und auf dem halbwegs trockenen Rasen wurde dann auch sehr engagiert und mit Spa\u00df gespielt. Nur dass man da nicht dribbeln kann, war noch nicht ganz drin ;-) <\/p>\n<p style=\"text-align:center;font-size: smaller;\"><img decoding=\"async\" src=\"http:\/\/www.andreas-edler.de\/grafik\/blog_2011\/20110703_minispielfest_moellbergen.jpg\" width=\"470\" border=\"0\" alt=\"\" title=\"\"><\/p>\n<p> Nach zwei Spielen unserer Kleinen begann es dann aber doch best\u00e4ndiger und st\u00e4rker zu regnen, so dass sich alle darauf verst\u00e4ndigten, dass Turnier f\u00fcr die Minis an der Stelle zu beenden und mit der Siegerehrung fort zu fahren. Schade, aber es h\u00e4tte wohl wirklich keinen Sinn gemacht, sich bei dem Wetter auch noch eine Erk\u00e4ltung einzufangen.<\/p>\n<p>Tim hat&#8217;s jedenfalls Spa\u00df gemacht &#8211; auch wenn der R\u00fccken nach einem Stolperer auf dem Rasen ein bisschen zwickte. Das war nach einem erfolgreichen Torwurf komplett vergessen. Zur Belohnung gab&#8217;s f\u00fcr alle einen Pokal, lecker S\u00fc\u00dfigkeiten und einen &#8222;Getr\u00e4nkemeter&#8220; mit Sprudel. Vielen Dank f\u00fcr die Ausrichtung und die Organisation!<\/p>\n","protected":false},"excerpt":{"rendered":"<p>Nach dem anstrengenden Schulfest vom Vortag, ging es heute morgen um kurz nach 9 Uhr schon wieder aus dem Haus. Der TUS 09 M\u00f6llbergen hatte die Minis eingeladen, an einem kleinen Turnier teilzunehmen. Und wie wir am Treffpunkt auf die &hellip;<\/p>\n<p class=\"read-more\"> <a class=\"more-link\" href=\"https:\/\/www.andreas-edler.de\/blog\/2011\/07\/minispielfest-in-mollbergen\/\"> <span class=\"screen-reader-text\">Minispielfest in M\u00f6llbergen<\/span> Weiterlesen &raquo;<\/a><\/p>\n","protected":false},"author":1,"featured_media":0,"comment_status":"open","ping_status":"open","sticky":false,"template":"","format":"standard","meta":{"ngg_post_thumbnail":0,"activitypub_content_warning":"","activitypub_content_visibility":"","activitypub_max_image_attachments":2,"activitypub_interaction_policy_quote":"anyone","activitypub_status":"","footnotes":""},"categories":[1],"tags":[86,30,5,53],"class_list":["post-9934","post","type-post","status-publish","format-standard","hentry","category-allgemein","tag-handball","tag-spielen","tag-unterwegs","tag-wetter"],"share_on_mastodon":{"url":"","error":""},"_links":{"self":[{"href":"https:\/\/www.andreas-edler.de\/blog\/wp-json\/wp\/v2\/posts\/9934","targetHints":{"allow":["GET"]}}],"collection":[{"href":"https:\/\/www.andreas-edler.de\/blog\/wp-json\/wp\/v2\/posts"}],"about":[{"href":"https:\/\/www.andreas-edler.de\/blog\/wp-json\/wp\/v2\/types\/post"}],"author":[{"embeddable":true,"href":"https:\/\/www.andreas-edler.de\/blog\/wp-json\/wp\/v2\/users\/1"}],"replies":[{"embeddable":true,"href":"https:\/\/www.andreas-edler.de\/blog\/wp-json\/wp\/v2\/comments?post=9934"}],"version-history":[{"count":0,"href":"https:\/\/www.andreas-edler.de\/blog\/wp-json\/wp\/v2\/posts\/9934\/revisions"}],"wp:attachment":[{"href":"https:\/\/www.andreas-edler.de\/blog\/wp-json\/wp\/v2\/media?parent=9934"}],"wp:term":[{"taxonomy":"category","embeddable":true,"href":"https:\/\/www.andreas-edler.de\/blog\/wp-json\/wp\/v2\/categories?post=9934"},{"taxonomy":"post_tag","embeddable":true,"href":"https:\/\/www.andreas-edler.de\/blog\/wp-json\/wp\/v2\/tags?post=9934"}],"curies":[{"name":"wp","href":"https:\/\/api.w.org\/{rel}","templated":true}]}}