{"id":9923,"date":"2011-07-02T10:47:15","date_gmt":"2011-07-02T08:47:15","guid":{"rendered":"http:\/\/www.andreas-edler.de\/blog\/?p=9923"},"modified":"2011-07-02T10:47:15","modified_gmt":"2011-07-02T08:47:15","slug":"er-konnte-nicht-rechtzeitig-bremsen","status":"publish","type":"post","link":"https:\/\/www.andreas-edler.de\/blog\/2011\/07\/er-konnte-nicht-rechtzeitig-bremsen\/","title":{"rendered":"Er konnte nicht rechtzeitig bremsen"},"content":{"rendered":"<p>Auf dem Gehweg fahren ist jetzt auch ein bisschen ungeschickt. Auf der Detmolder Stra\u00dfe sollte man das tunlichst unterlassen. Auch wenn im unteren Bereich die Verwaltung der Stadt Bad Oeynhausen sogar der Meinung ist, man m\u00fcsste das Konstrukt benutzen: es ist saugef\u00e4hrlich. <cite>POL-MI: <b><a href=\"http:\/\/www.presseportal.de\/polizeipresse\/pm\/43553\/2072164\/polizei_minden_luebbecke\/rss\">Nach Unfall Radfahrer verletzt zur\u00fcck gelassen<\/a><\/b><br \/>\n&#8230; befuhr ein 17-j\u00e4hriger Radfahrer die Detmolder Str. in Fahrtrichtung Innenstadt. Hierbei benutzte er den Gehweg. Als er sich kurz vor der Einm\u00fcndung Turmstra\u00dfe befand, kam aus dieser ein schwarzer PKW mit hoher Geschwindigkeit. Der Gesch\u00e4digte konnte nicht mehr rechtzeitig bremen und kollidierte mit seinem Rad im Bereich des vorderen linken Seitenteils des Autos &#8230; Nach einem kurzen Blick aus dem Seitenfenster entfernte sich der Fahrer von der Unfallstelle, ohne sich um den entstandenen Schaden und den Verletzten zu k\u00fcmmern &#8230;<\/cite> Der Autofahrer hat nicht geguckt und gut. Ob der Radler dort fahren durfte oder nicht, ist eigentlich nachrangig, denn es gibt in Oeynhausen reichlich solcher Wege, die f\u00fcr Radfahrer frei sind. Der gleiche Gehweg ist 500 Meter weiter unten \u00fcbrigens als benutzungspflichtiger kombinierter Geh- und Radweg ausgewiesen. <\/p>\n<p style=\"text-align:center;font-size: smaller;\"><img decoding=\"async\" src=\"http:\/\/www.andreas-edler.de\/grafik\/blog\/radwege_bo\/20081207_detmolder_1.jpg\" width=\"470\" border=\"0\" alt=\"\" title=\"\"><\/p>\n<p> Dort ist er zwar etwas breiter, hat allerdings den charmanten Nachteil direkt daran parkender Autos. Ich kann also immer nur wiederholen: Leute, fahrt auf der Fahrbahn, wenn euch euer Leben lieb ist!<\/p>\n","protected":false},"excerpt":{"rendered":"<p>Auf dem Gehweg fahren ist jetzt auch ein bisschen ungeschickt. Auf der Detmolder Stra\u00dfe sollte man das tunlichst unterlassen. Auch wenn im unteren Bereich die Verwaltung der Stadt Bad Oeynhausen sogar der Meinung ist, man m\u00fcsste das Konstrukt benutzen: es &hellip;<\/p>\n<p class=\"read-more\"> <a class=\"more-link\" href=\"https:\/\/www.andreas-edler.de\/blog\/2011\/07\/er-konnte-nicht-rechtzeitig-bremsen\/\"> <span class=\"screen-reader-text\">Er konnte nicht rechtzeitig bremsen<\/span> Weiterlesen &raquo;<\/a><\/p>\n","protected":false},"author":1,"featured_media":0,"comment_status":"open","ping_status":"open","sticky":false,"template":"","format":"standard","meta":{"ngg_post_thumbnail":0,"activitypub_content_warning":"","activitypub_content_visibility":"","activitypub_max_image_attachments":2,"activitypub_interaction_policy_quote":"anyone","activitypub_status":"","footnotes":""},"categories":[14,15,13],"tags":[37,76],"class_list":["post-9923","post","type-post","status-publish","format-standard","hentry","category-bad-oeynhausen","category-fahrrad","category-verkehr","tag-auto","tag-sicherheit"],"share_on_mastodon":{"url":"","error":""},"_links":{"self":[{"href":"https:\/\/www.andreas-edler.de\/blog\/wp-json\/wp\/v2\/posts\/9923","targetHints":{"allow":["GET"]}}],"collection":[{"href":"https:\/\/www.andreas-edler.de\/blog\/wp-json\/wp\/v2\/posts"}],"about":[{"href":"https:\/\/www.andreas-edler.de\/blog\/wp-json\/wp\/v2\/types\/post"}],"author":[{"embeddable":true,"href":"https:\/\/www.andreas-edler.de\/blog\/wp-json\/wp\/v2\/users\/1"}],"replies":[{"embeddable":true,"href":"https:\/\/www.andreas-edler.de\/blog\/wp-json\/wp\/v2\/comments?post=9923"}],"version-history":[{"count":0,"href":"https:\/\/www.andreas-edler.de\/blog\/wp-json\/wp\/v2\/posts\/9923\/revisions"}],"wp:attachment":[{"href":"https:\/\/www.andreas-edler.de\/blog\/wp-json\/wp\/v2\/media?parent=9923"}],"wp:term":[{"taxonomy":"category","embeddable":true,"href":"https:\/\/www.andreas-edler.de\/blog\/wp-json\/wp\/v2\/categories?post=9923"},{"taxonomy":"post_tag","embeddable":true,"href":"https:\/\/www.andreas-edler.de\/blog\/wp-json\/wp\/v2\/tags?post=9923"}],"curies":[{"name":"wp","href":"https:\/\/api.w.org\/{rel}","templated":true}]}}