{"id":9755,"date":"2011-06-05T23:40:57","date_gmt":"2011-06-05T21:40:57","guid":{"rendered":"http:\/\/www.andreas-edler.de\/blog\/?p=9755"},"modified":"2013-11-02T14:48:12","modified_gmt":"2013-11-02T13:48:12","slug":"heu-machen-2011-erste-rutsche","status":"publish","type":"post","link":"https:\/\/www.andreas-edler.de\/blog\/2011\/06\/heu-machen-2011-erste-rutsche\/","title":{"rendered":"Heu machen 2011 &#8211; erste Rutsche"},"content":{"rendered":"<p>Heute war Heu einfahren Tag. <a href=\"http:\/\/www.andreas-edler.de\/blog\/2006\/06\/harte-arbeit\/\">Was Heu ist und wie man das macht<\/a> habe ich vor ein paar Jahren schon mal beschrieben. Ge\u00e4ndert hat sich daran bei uns noch nichts. Au\u00dfer dass mein Papa immer unruhiger dabei wird und mindestens 2 Wochen lang jeden Morgen ab 4 Uhr s\u00e4mtliche erreichbaren Wetterdienste im Internet abklappert, bis es dann man nach einer Woche Trockenheit und Sonne aussieht. Und dann wird gem\u00e4ht! <\/p>\n<p style=\"text-align:center;font-size: smaller;\"><img decoding=\"async\" src=\"http:\/\/www.andreas-edler.de\/grafik\/blog_2011\/20110605_heu_machen_0.jpg\" width=\"470\" border=\"0\" alt=\"\" title=\"\"><\/p>\n<p> Letzten Dienstag oder Mittwoch war es soweit. Das schon ziemlich lange Gras wurde abgeschnitten und zum trocknen verteilt. Regelm\u00e4\u00dfiges Wenden ist essentiell. Sonst wird&#8217;s nur Pampe. Leider sagten alle Prognosen, dass es heute nachmittag schon regnen sollte. Das w\u00e4re fatal! Weil es echt viel Gras war, was da auf dem Hektar Wiese rumlag. Ich habe dann heute morgen noch einen Freund angerufen und gefragt, ob er Lust h\u00e4tte, sich einen sonnigen Sonntagnachmittag mit echt harter Arbeit zu versauen. Hatte er! Danke, echt! <\/p>\n<p style=\"text-align:center;font-size: smaller;\"><img decoding=\"async\" src=\"http:\/\/www.andreas-edler.de\/grafik\/blog_2011\/20110605_heu_machen_1.jpg\" width=\"470\" border=\"0\" alt=\"\" title=\"\"><\/p>\n<p> Um 14 Uhr ging&#8217;s los. Mein Vater hatte das wirklich wunderbar getrocknete Heu in Reihen gezogen und dann wurde die Fahr-Ballenpresse hinter den New-Holland geh\u00e4ngt. Und w\u00e4hrend der Bock in den letzten Jahren schon mal den ein oder anderen Sprung gemacht hat, lief die Presse in diesem Jahr wunderbar rund. Ich glaube, wir hatten kein Dutzend offener Bunde. Das ist echt unglaublich, bei knapp unter 900 gepressten B\u00fcndeln. Als ungef\u00e4hr die H\u00e4lfte gepresst war, haben wir schon mal einen H\u00e4nger aufgeladen, den ich dann mit ein paar Freundinnen meiner Schwester auf den Heuboden geschafft habe. <\/p>\n<p style=\"text-align:center;font-size: smaller;\"><img decoding=\"async\" src=\"http:\/\/www.andreas-edler.de\/grafik\/blog_2011\/20110605_heu_machen_2.jpg\" width=\"470\" border=\"0\" alt=\"\" title=\"\"><\/p>\n<p> Leider habe ich nicht auf die Uhr geguckt, wie sp\u00e4t es da war. Auf jeden Fall wurde der Himmel tats\u00e4chlich immer dunkler :-\/ Und ich stehe auf dem H\u00e4nger und krieg&#8216; die Arme kaum noch hoch. Aber irgendwann war das Ding dann doch leer. Nachschub zum wieder voll machen ist ja reichlich vorhanden. Insgesamt haben wir drei von den Zweiachsh\u00e4ngern beladen, einen kleinen Miststreuer voll und der Pferdeh\u00e4nger ist auch bis unter die Decke voll. <\/p>\n<p style=\"text-align:center;font-size: smaller;\"><img decoding=\"async\" src=\"http:\/\/www.andreas-edler.de\/grafik\/blog_2011\/20110605_heu_machen_3.jpg\" width=\"470\" border=\"0\" alt=\"\" title=\"\"><\/p>\n<p> Als wir die Ballen im Trocknen hatten, war bei allen das Grinsen im Gesicht. Fein. Und meine Mutter hatte das Essen auch schon fertig. Gab dann ganz stilecht Bratw\u00fcrstchen mit Kartoffelsalat. Hab&#8216; dann auch mal auf die Uhr geguckt und war ganz entsetzt, dass schon fast halb Zehn durch war. Kerl, so lange haben wir noch nie gepackt.<\/p>\n<p>Ganz begeistert war und bin ich von meinen neuen Medikamenten gegen Heuschnupfen. Die erste Stunde hatte ich noch eine Atemmaske auf, aber als ich das Jucken des Vlies nicht mehr ertragen konnte, habe ich das Ding abgerissen &#8230; und musste trotzdem den ganzen Tag nicht einmal niesen. Nur eben zu Hause, war die Nase kurz zu. Aber einmal Livocab hat geholfen. Und nu&#8216; is&#8216; Bettgehzeit!<\/p>\n","protected":false},"excerpt":{"rendered":"<p>Heute war Heu einfahren Tag. Was Heu ist und wie man das macht habe ich vor ein paar Jahren schon mal beschrieben. Ge\u00e4ndert hat sich daran bei uns noch nichts. Au\u00dfer dass mein Papa immer unruhiger dabei wird und mindestens &hellip;<\/p>\n<p class=\"read-more\"> <a class=\"more-link\" href=\"https:\/\/www.andreas-edler.de\/blog\/2011\/06\/heu-machen-2011-erste-rutsche\/\"> <span class=\"screen-reader-text\">Heu machen 2011 &#8211; erste Rutsche<\/span> Weiterlesen &raquo;<\/a><\/p>\n","protected":false},"author":1,"featured_media":0,"comment_status":"open","ping_status":"open","sticky":false,"template":"","format":"standard","meta":{"ngg_post_thumbnail":0,"activitypub_content_warning":"","activitypub_content_visibility":"","activitypub_max_image_attachments":2,"activitypub_interaction_policy_quote":"anyone","activitypub_status":"","footnotes":""},"categories":[1],"tags":[48,7,50,53],"class_list":["post-9755","post","type-post","status-publish","format-standard","hentry","category-allgemein","tag-arbeit","tag-gesundheit","tag-helfen","tag-wetter"],"share_on_mastodon":{"url":"","error":""},"_links":{"self":[{"href":"https:\/\/www.andreas-edler.de\/blog\/wp-json\/wp\/v2\/posts\/9755","targetHints":{"allow":["GET"]}}],"collection":[{"href":"https:\/\/www.andreas-edler.de\/blog\/wp-json\/wp\/v2\/posts"}],"about":[{"href":"https:\/\/www.andreas-edler.de\/blog\/wp-json\/wp\/v2\/types\/post"}],"author":[{"embeddable":true,"href":"https:\/\/www.andreas-edler.de\/blog\/wp-json\/wp\/v2\/users\/1"}],"replies":[{"embeddable":true,"href":"https:\/\/www.andreas-edler.de\/blog\/wp-json\/wp\/v2\/comments?post=9755"}],"version-history":[{"count":0,"href":"https:\/\/www.andreas-edler.de\/blog\/wp-json\/wp\/v2\/posts\/9755\/revisions"}],"wp:attachment":[{"href":"https:\/\/www.andreas-edler.de\/blog\/wp-json\/wp\/v2\/media?parent=9755"}],"wp:term":[{"taxonomy":"category","embeddable":true,"href":"https:\/\/www.andreas-edler.de\/blog\/wp-json\/wp\/v2\/categories?post=9755"},{"taxonomy":"post_tag","embeddable":true,"href":"https:\/\/www.andreas-edler.de\/blog\/wp-json\/wp\/v2\/tags?post=9755"}],"curies":[{"name":"wp","href":"https:\/\/api.w.org\/{rel}","templated":true}]}}