{"id":9742,"date":"2011-05-25T22:55:03","date_gmt":"2011-05-25T20:55:03","guid":{"rendered":"http:\/\/www.andreas-edler.de\/blog\/?p=9742"},"modified":"2011-06-05T11:01:51","modified_gmt":"2011-06-05T09:01:51","slug":"warnwesten-nutzen-nichts","status":"publish","type":"post","link":"https:\/\/www.andreas-edler.de\/blog\/2011\/05\/warnwesten-nutzen-nichts\/","title":{"rendered":"Warnwesten nutzen nichts"},"content":{"rendered":"<p><cite>Polizei Mi-L\u00fc: <b><a href=\"http:\/\/www.presseportal.de\/polizeipresse\/pm\/43553\/2051164\/polizei_minden_luebbecke\/rss\">Rollerfahrer leicht verletzt<\/a><\/b><br \/>\n&#8230; Obwohl er eine gelbe Warnweste trug, \u00fcbersah ihn beim Einbiegen von der L 770 auf die vorfahrtberechtigte B 61 ein 73-j\u00e4hriger Mazda-Fahrer &#8230;<\/cite> Das ist ja mein Reden. Das st\u00e4ndige Aufr\u00fcsten im Stra\u00dfenverkehr geht immer zu Lasten der schw\u00e4cheren Verkehrsteilnehmer. Xenon-LIcht, Tagfahrlicht, es blinkt und blitzt \u00fcberall. Das ist ein Lichtoverkill! Als kleinerer Verkehrsteilnehmer were ich dadurch vermeintlich gezwungen ebenfalls aufzur\u00fcsten. Dutzende von Reflektoren, Warnwesten &#8230; inzwischen wird in Polizei- und Versicherungsmeldungen bereits mahnend erw\u00e4hnt, wenn eine Radfahrer oder Fu\u00dfg\u00e4nger dunkle Kleidung trug.<\/p>\n<p>Dieser Unfall ereignete sich am helllichten Tag und der angefahrene trug eine Warnweste, die in aller Regel in Signalfarben gehalten ist. Soetwas wird gar nicht mehr registriert. Vielleicht sollte man mal umdenken und \u00fcberlegen, ob es wirklich notwendig ist, dass man sich grelle LED-Lampen an den Spoiler pappt und ob Xenon-Licht wirklich unbedingt notwendig ist. Denn es hat ja nur einen Grund, warum solche Sachen montiert werden: ich kann im Dunklen vermeintlich schneller fahren.<\/p>\n<p>M\u00f6glicherweise ist die L\u00f6sung aber, nicht noch heller zu strahlen, sondern einfach mal einen Gang runter zu schalten im Stra\u00dfenverkehr und vor allen Dingen, die Augen auf zu halten!<\/p>\n","protected":false},"excerpt":{"rendered":"<p>Polizei Mi-L\u00fc: Rollerfahrer leicht verletzt &#8230; Obwohl er eine gelbe Warnweste trug, \u00fcbersah ihn beim Einbiegen von der L 770 auf die vorfahrtberechtigte B 61 ein 73-j\u00e4hriger Mazda-Fahrer &#8230; Das ist ja mein Reden. Das st\u00e4ndige Aufr\u00fcsten im Stra\u00dfenverkehr geht &hellip;<\/p>\n<p class=\"read-more\"> <a class=\"more-link\" href=\"https:\/\/www.andreas-edler.de\/blog\/2011\/05\/warnwesten-nutzen-nichts\/\"> <span class=\"screen-reader-text\">Warnwesten nutzen nichts<\/span> Weiterlesen &raquo;<\/a><\/p>\n","protected":false},"author":1,"featured_media":0,"comment_status":"open","ping_status":"open","sticky":false,"template":"","format":"standard","meta":{"ngg_post_thumbnail":0,"activitypub_content_warning":"","activitypub_content_visibility":"","activitypub_max_image_attachments":2,"activitypub_interaction_policy_quote":"anyone","activitypub_status":"","footnotes":""},"categories":[13],"tags":[71],"class_list":["post-9742","post","type-post","status-publish","format-standard","hentry","category-verkehr","tag-regeln"],"share_on_mastodon":{"url":"","error":""},"_links":{"self":[{"href":"https:\/\/www.andreas-edler.de\/blog\/wp-json\/wp\/v2\/posts\/9742","targetHints":{"allow":["GET"]}}],"collection":[{"href":"https:\/\/www.andreas-edler.de\/blog\/wp-json\/wp\/v2\/posts"}],"about":[{"href":"https:\/\/www.andreas-edler.de\/blog\/wp-json\/wp\/v2\/types\/post"}],"author":[{"embeddable":true,"href":"https:\/\/www.andreas-edler.de\/blog\/wp-json\/wp\/v2\/users\/1"}],"replies":[{"embeddable":true,"href":"https:\/\/www.andreas-edler.de\/blog\/wp-json\/wp\/v2\/comments?post=9742"}],"version-history":[{"count":0,"href":"https:\/\/www.andreas-edler.de\/blog\/wp-json\/wp\/v2\/posts\/9742\/revisions"}],"wp:attachment":[{"href":"https:\/\/www.andreas-edler.de\/blog\/wp-json\/wp\/v2\/media?parent=9742"}],"wp:term":[{"taxonomy":"category","embeddable":true,"href":"https:\/\/www.andreas-edler.de\/blog\/wp-json\/wp\/v2\/categories?post=9742"},{"taxonomy":"post_tag","embeddable":true,"href":"https:\/\/www.andreas-edler.de\/blog\/wp-json\/wp\/v2\/tags?post=9742"}],"curies":[{"name":"wp","href":"https:\/\/api.w.org\/{rel}","templated":true}]}}