{"id":9682,"date":"2011-05-22T09:54:32","date_gmt":"2011-05-22T07:54:32","guid":{"rendered":"http:\/\/www.andreas-edler.de\/blog\/?p=9682"},"modified":"2013-11-02T14:48:12","modified_gmt":"2013-11-02T13:48:12","slug":"werbeprospekte","status":"publish","type":"post","link":"https:\/\/www.andreas-edler.de\/blog\/2011\/05\/werbeprospekte\/","title":{"rendered":"Werbeprospekte"},"content":{"rendered":"<p>Wie ich so im Marktkauf nach ein paar Zeitschriften suche, f\u00e4llt mir ein Mann auf, der ebenfalls in den Computermagazinen bl\u00e4tterte. Machte den Eindruck, als w\u00fcrde er nach den nervenderweise in den Zeitschriften versteckten Werbeflyern suchen. Bisher bin ich immer davon ausgegangen, dass die Verlage Geld daf\u00fcr bekommen, wenn ein Faltblatt mit in einer Zeitschrift verteilt wird. <\/p>\n<p style=\"text-align:center;font-size: smaller;\"><img decoding=\"async\" src=\"http:\/\/www.andreas-edler.de\/grafik\/blog_2011\/20110522_werbeprospekte.jpg\" width=\"470\" border=\"0\" alt=\"\" title=\"\"><\/p>\n<p> Der Mann griff aber pl\u00f6tzlich in seine Jacke und zog einen dicken Stapel &#8222;1 &#038; 1&#8220; Werbebrosch\u00fcren hervor und begann sie der Computerbild, Chip und was wei\u00df ich noch zu verstecken. Irgendwann war sein Vorrat ersch\u00f6pft und er trollte sich. Ich bin dann weiter einkaufen gegangen.<\/p>\n<p>Als ich auf dem R\u00fcckweg noch einmal an den Zeitschriften vorbei kam, war er wieder da und versteckte Flyer. Und wenn ich eins bin, dann neugierig. Hab&#8216; ihn also kurzerhand angesprochen, was er da mache. Nun, angeblich war er ein Marktkauf-Mitarbeiter, der &#8222;vergessene&#8220; Prospekte nachtr\u00e4glich in den Zeitschriften platzierte. Sicher &#8230;<\/p>\n<p>F\u00fcr mich sieht das so aus, als w\u00fcrde hier der Anzeigenpreis f\u00fcr die Verteilung von Flyern in Zeitschriften umgangen. Ich als Verlag f\u00e4nde es super Schei\u00dfe, wenn mir jemand heimlich Werbeprospekte unterjubelt. Immerhin ist das wohl f\u00fcr die meisten Leser das gr\u00f6\u00dfte \u00c4rgernis. Oder guckt sich jemand ernsthaft die Beileger an? Die fliegen doch sofort in die Tonne.<\/p>\n","protected":false},"excerpt":{"rendered":"<p>Wie ich so im Marktkauf nach ein paar Zeitschriften suche, f\u00e4llt mir ein Mann auf, der ebenfalls in den Computermagazinen bl\u00e4tterte. Machte den Eindruck, als w\u00fcrde er nach den nervenderweise in den Zeitschriften versteckten Werbeflyern suchen. Bisher bin ich immer &hellip;<\/p>\n<p class=\"read-more\"> <a class=\"more-link\" href=\"https:\/\/www.andreas-edler.de\/blog\/2011\/05\/werbeprospekte\/\"> <span class=\"screen-reader-text\">Werbeprospekte<\/span> Weiterlesen &raquo;<\/a><\/p>\n","protected":false},"author":1,"featured_media":0,"comment_status":"open","ping_status":"open","sticky":false,"template":"","format":"standard","meta":{"ngg_post_thumbnail":0,"activitypub_content_warning":"","activitypub_content_visibility":"","activitypub_max_image_attachments":2,"activitypub_interaction_policy_quote":"anyone","activitypub_status":"","footnotes":""},"categories":[1],"tags":[51,223],"class_list":["post-9682","post","type-post","status-publish","format-standard","hentry","category-allgemein","tag-geld","tag-werbung"],"share_on_mastodon":{"url":"","error":""},"_links":{"self":[{"href":"https:\/\/www.andreas-edler.de\/blog\/wp-json\/wp\/v2\/posts\/9682","targetHints":{"allow":["GET"]}}],"collection":[{"href":"https:\/\/www.andreas-edler.de\/blog\/wp-json\/wp\/v2\/posts"}],"about":[{"href":"https:\/\/www.andreas-edler.de\/blog\/wp-json\/wp\/v2\/types\/post"}],"author":[{"embeddable":true,"href":"https:\/\/www.andreas-edler.de\/blog\/wp-json\/wp\/v2\/users\/1"}],"replies":[{"embeddable":true,"href":"https:\/\/www.andreas-edler.de\/blog\/wp-json\/wp\/v2\/comments?post=9682"}],"version-history":[{"count":0,"href":"https:\/\/www.andreas-edler.de\/blog\/wp-json\/wp\/v2\/posts\/9682\/revisions"}],"wp:attachment":[{"href":"https:\/\/www.andreas-edler.de\/blog\/wp-json\/wp\/v2\/media?parent=9682"}],"wp:term":[{"taxonomy":"category","embeddable":true,"href":"https:\/\/www.andreas-edler.de\/blog\/wp-json\/wp\/v2\/categories?post=9682"},{"taxonomy":"post_tag","embeddable":true,"href":"https:\/\/www.andreas-edler.de\/blog\/wp-json\/wp\/v2\/tags?post=9682"}],"curies":[{"name":"wp","href":"https:\/\/api.w.org\/{rel}","templated":true}]}}