{"id":96496,"date":"2014-06-08T17:09:16","date_gmt":"2014-06-08T15:09:16","guid":{"rendered":"http:\/\/www.andreas-edler.de\/blog\/?p=96496"},"modified":"2014-06-08T17:09:16","modified_gmt":"2014-06-08T15:09:16","slug":"radfahrer-fehler-werden-immer-erwaehnt","status":"publish","type":"post","link":"https:\/\/www.andreas-edler.de\/blog\/2014\/06\/radfahrer-fehler-werden-immer-erwaehnt\/","title":{"rendered":"Radfahrer-Fehler werden immer erw\u00e4hnt"},"content":{"rendered":"<p>Beachtet eine Radfahrerin nicht die Vorfahrt, erw\u00e4hnt die Polizei dies \u00fcbrigens ausdr\u00fccklich! Im gleichen Bericht wie der im <a href=\"http:\/\/www.andreas-edler.de\/blog\/2014\/06\/auf-der-steinstrasse-radfahrerin-umgefahren\/\" title=\"Auf der Steinstra\u00dfe Radfahrerin umgefahren\">vorherigen Blogposting<\/a> zitiert, wird ein weiterer Unfall mit Radfahrerbeteiligung beschrieben: <cite>Polizei Mi-L\u00fc: <b><a href=\"http:\/\/www.presseportal.de\/polizeipresse\/pm\/43553\/2756536\/pol-mi-pressebericht-der-kreispolizeibehoerde-minden-luebbecke\">83-j\u00e4hrige Radfahrerin missachtet Vorfahrt<\/a><\/b> Am Samstagmorgen befuhr eine 83-j\u00e4hrige Radfahrerin die Lessingstra\u00dfe. An der Einm\u00fcndung Schillerstra\u00dfe missachtete sie die Vorfahrt eines von rechts kommenden 62-j\u00e4hrigen FIAT-Fahrers. Dieser versuchte noch durch eine Vollbremsung einen Zusammensto\u00df zu verhindern. Er streifte jedoch trotzdem den hinteren Bereich des Fahrrades leicht, so dass die 83-J\u00e4hrige st\u00fcrzte. Dabei verletzte sie sich leicht &#8230;<\/cite> Schon in der \u00dcberschrift macht die Polizei das Vergehen der Radfahrerin deutlich. Worin sich das im Vorfahrtnehmen eines Autofahrers unterscheidet, erschlie\u00dft sich mir nicht. Warum kann man das bei Radfahrern deutlich sagen, bei Autofahrern nennt man das &#8222;\u00fcbersehen&#8220;. Es ist widerlich! <!--more--><\/p>\n<p>Als n\u00e4chstes hat nat\u00fcrlich der vorbildlilche Autofahrer noch eine Vollbremsung versucht. Aber trotzdem er so toll im Verkehr mitmacht, streifte er noch leicht das Fahrrad. &#8222;streift&#8220;, nicht &#8222;anfahren&#8220; &#8230; und nat\u00fcrlich auch nur leicht. Wenn ich die Gegebenheiten dort korrekt im Kopf habe, darf man doch da nur 30 fahren. Wenn ich 30 fahre und voll in die Eisen steige, dann steht der Yeti. Punkt. Da streife ich nicht mehr leicht irgendwo dran rum. Ich bitte alle, die das bezweifeln a) mal wirklich 30 zu fahren (GPS hilft) und b) dann eine Vollbremsung zu machen. Also so eine, bei der man richtig schnell stehen will. Die Einm\u00fcndung ist zudem auch nicht besonders un\u00fcbersichtlich.<\/p>\n<p>Und als n\u00e4chstes: der Autofahrer befuhr die Schillerstra\u00dfe. Das bedeutet, er wollte dort Abbiegen, denn es geht nur nach rechts oder links weiter. Die Radfahrerin fuhr auf der Lessingstra\u00dfe und hatte den Autofahrer von rechts. Warum zur H\u00f6lle muss ein Autofahrer, wenn er auf eine Einm\u00fcndung zuf\u00e4hrt und Abbiegen m\u00f6chte, eine &#8222;Vollbremsung&#8220; machen? Der h\u00e4tte doch sowieso fast nur mit Schritttempo unterwegs sein d\u00fcrfen? Wenn er dann die Radfahrerin *hinten* am Fahrrad gestriffen hat, dann war sie wohl schon ziemlich vor ihm vorbei &#8230; hmmmm, eine 83j\u00e4hrige Omi. Das sind die, die immer in geb\u00fcckter Haltung auf ihrem Rennrad sitzen und r\u00fcpelhaft durch die Gegend rasen, oder? Wer ist da wohl wie schnell unterwegs gewesen und hat die Situation nicht ganz im Blick gehabt?<\/p>\n<p>Eine Omi, die langsam vor einer Einm\u00fcndung her zuckelt wird hinten am Rad von einem Auto gestriffen, dass dort (in welche Richtung auch immer, ist eh zu schmal um sich rechts oder links einzuordnen) abbiegen m\u00f6chte? H\u00f6rt sich f\u00fcr mich irgendwie nicht nach &#8222;Vorfahrt nehmen&#8220; an &#8230;<\/p>\n","protected":false},"excerpt":{"rendered":"<p>Beachtet eine Radfahrerin nicht die Vorfahrt, erw\u00e4hnt die Polizei dies \u00fcbrigens ausdr\u00fccklich! Im gleichen Bericht wie der im vorherigen Blogposting zitiert, wird ein weiterer Unfall mit Radfahrerbeteiligung beschrieben: Polizei Mi-L\u00fc: 83-j\u00e4hrige Radfahrerin missachtet Vorfahrt Am Samstagmorgen befuhr eine 83-j\u00e4hrige Radfahrerin &hellip;<\/p>\n<p class=\"read-more\"> <a class=\"more-link\" href=\"https:\/\/www.andreas-edler.de\/blog\/2014\/06\/radfahrer-fehler-werden-immer-erwaehnt\/\"> <span class=\"screen-reader-text\">Radfahrer-Fehler werden immer erw\u00e4hnt<\/span> Weiterlesen &raquo;<\/a><\/p>\n","protected":false},"author":1,"featured_media":0,"comment_status":"open","ping_status":"open","sticky":false,"template":"","format":"standard","meta":{"ngg_post_thumbnail":0,"activitypub_content_warning":"","activitypub_content_visibility":"","activitypub_max_image_attachments":2,"activitypub_interaction_policy_quote":"anyone","activitypub_status":"","footnotes":""},"categories":[14,15,18,13],"tags":[34,127,59],"class_list":["post-96496","post","type-post","status-publish","format-standard","hentry","category-bad-oeynhausen","category-fahrrad","category-fraglich","category-verkehr","tag-kommunikation","tag-polizei","tag-presse"],"share_on_mastodon":{"url":"","error":""},"_links":{"self":[{"href":"https:\/\/www.andreas-edler.de\/blog\/wp-json\/wp\/v2\/posts\/96496","targetHints":{"allow":["GET"]}}],"collection":[{"href":"https:\/\/www.andreas-edler.de\/blog\/wp-json\/wp\/v2\/posts"}],"about":[{"href":"https:\/\/www.andreas-edler.de\/blog\/wp-json\/wp\/v2\/types\/post"}],"author":[{"embeddable":true,"href":"https:\/\/www.andreas-edler.de\/blog\/wp-json\/wp\/v2\/users\/1"}],"replies":[{"embeddable":true,"href":"https:\/\/www.andreas-edler.de\/blog\/wp-json\/wp\/v2\/comments?post=96496"}],"version-history":[{"count":0,"href":"https:\/\/www.andreas-edler.de\/blog\/wp-json\/wp\/v2\/posts\/96496\/revisions"}],"wp:attachment":[{"href":"https:\/\/www.andreas-edler.de\/blog\/wp-json\/wp\/v2\/media?parent=96496"}],"wp:term":[{"taxonomy":"category","embeddable":true,"href":"https:\/\/www.andreas-edler.de\/blog\/wp-json\/wp\/v2\/categories?post=96496"},{"taxonomy":"post_tag","embeddable":true,"href":"https:\/\/www.andreas-edler.de\/blog\/wp-json\/wp\/v2\/tags?post=96496"}],"curies":[{"name":"wp","href":"https:\/\/api.w.org\/{rel}","templated":true}]}}