{"id":9644,"date":"2011-05-15T12:59:08","date_gmt":"2011-05-15T10:59:08","guid":{"rendered":"http:\/\/www.andreas-edler.de\/blog\/?p=9644"},"modified":"2011-05-16T21:53:32","modified_gmt":"2011-05-16T19:53:32","slug":"schaumkusswurfmaschine-basteln","status":"publish","type":"post","link":"https:\/\/www.andreas-edler.de\/blog\/2011\/05\/schaumkusswurfmaschine-basteln\/","title":{"rendered":"Schaumkusswurfmaschine basteln"},"content":{"rendered":"<p>Im Sommer findet an der Grundschule Eidinghausen das traditionelle und zweij\u00e4hrliche Sommerfest statt. Alle Klassen pr\u00e4sentieren Spielchen, Selbstgebackenes und Lustiges. Und wenn man am Elternabend solche Dinge bespricht, dann ist man wohl mitgefangen, wenn es darum geht was auf die Beine zu stellen. Ich habe &#8211; vorlaut wie immer &#8211; nat\u00fcrlich gesagt, dass so eine <s>Neg<\/s> &#8230; \u00e4h &#8230; Schaumkusswurfmaschine auf jedem Kindergeburtstag gut ankommt. <\/p>\n<p style=\"text-align:center;font-size: smaller;\"><img decoding=\"async\" src=\"http:\/\/www.andreas-edler.de\/grafik\/blog_2011\/20110514_burg_1.jpg\" width=\"470\" border=\"0\" alt=\"\" title=\"\"><\/p>\n<p> Wir hatten uns so ein Teil mal ausgeliehen (und es war in einem erb\u00e4rmlichen Zustand, den ich dann benutzbar gemacht hatte) und es ist bei Tims G\u00e4sten prima angekommen. Leihen will ich nicht noch mal &#8230; also: am Anfang steht das Brett! :-)<!--more--><\/p>\n<p>Im Keller hatte ich seit Jahr und Tag eine 19er MDF-Platte, die mich jedesmal nervt, wenn ich sie an die Seite stellen muss, wenn ich aus einem Regal was nehmen m\u00f6chte. Muss jetzt dran glauben! <\/p>\n<p style=\"text-align:center;font-size: smaller;\"><img decoding=\"async\" src=\"http:\/\/www.andreas-edler.de\/grafik\/blog_2011\/20110514_burg_2.jpg\" width=\"470\" border=\"0\" alt=\"\" title=\"\"><\/p>\n<p> Auf einer alten, kopierten Anleitung war die Grundplatte in Form einer Burg abgebildet &#8211; dann soll es wohl so sein. Habe mit dem Bleistift die Umrisse auf die Platte aufgezeichnet und mich bei den Ma\u00dfen ganz grob an der Anleitung orientiert. Kommt nicht auf ein oder zwei Zentimeter an. Hauptsache der Wurfarm ist l\u00e4nger, als die Frontplatte hoch ist! <\/p>\n<p style=\"text-align:center;font-size: smaller;\"><img decoding=\"async\" src=\"http:\/\/www.andreas-edler.de\/grafik\/blog_2011\/20110514_burg_3.jpg\" width=\"470\" border=\"0\" alt=\"\" title=\"\"><\/p>\n<p> Nachdem <a href=\"http:\/\/www.andreas-edler.de\/blog\/2011\/05\/schmerzen-fur-das-schulfest\/\">unter Schmerzen<\/a> die Burgfront gegl\u00e4ttet wurde, habe ich die Leisten f\u00fcr den Wurfmechanismus verschraubt. Gl\u00fccklicherweise musste ich f\u00fcr das Teil nichts dazu kaufen, weil alles noch als Rest im Keller rumlag. Da lohnt sich ausnahmsweise mal, dass ich so schlecht Dinge wegwerfen kann :-) <\/p>\n<p style=\"text-align:center;font-size: smaller;\"><img decoding=\"async\" src=\"http:\/\/www.andreas-edler.de\/grafik\/blog_2011\/20110514_kellermusik.jpg\" width=\"470\" border=\"0\" alt=\"\" title=\"\"><\/p>\n<p> Damit mir nicht langweilig im Keller wird, habe ich mir \u00fcbrigens ein altes Notebook geschossen und mit Ubuntu als MP3-Player eingerichtet. L\u00e4uft prima &#8230; nur das Booten dauert ein wenig. Wenn es erstmal l\u00e4uft, ist es ordentlich bedienbar &#8211; trotz 512MB Ram und Pentium 900 oder so.<\/p>\n<p>Gestern ging&#8217;s dann weiter. Da meist sch\u00f6ne Wetter &#8211; dank Regen weitgehend ohne Staub &#8211; habe ich genutzt um Reste vom Graniteffektlack zum Verputzen des Gem\u00e4uers zu benutzen. <\/p>\n<p style=\"text-align:center;font-size: smaller;\"><img decoding=\"async\" src=\"http:\/\/www.andreas-edler.de\/grafik\/blog_2011\/20110514_burg_4.jpg\" width=\"470\" border=\"0\" alt=\"\" title=\"\"><\/p>\n<p> Ja, der Fleck in der Mitte ist Absicht. Dort soll nachher ein Tor hin und ich habe mir die Umrisse angezeichnet, weil abzusehen war, dass der Lack nicht reichte. Und es war eine Punktlandung! Beide Dosen alle und ein Fleck zum abdecken mit dem Tor. <\/p>\n<p style=\"text-align:center;font-size: smaller;\"><img decoding=\"async\" src=\"http:\/\/www.andreas-edler.de\/grafik\/blog_2011\/20110514_burg_5.jpg\" width=\"470\" border=\"0\" alt=\"\" title=\"\"><\/p>\n<p> Das l\u00fcttche Ding bunt zu machen hat \u00fcbrigens doppelt so lange gedauert, wie die beiden gro\u00dfen Teile zu veredeln. Und dabei ist es trotzdem eher rustikal geworden. Meine k\u00fcnstlerische Ader ist nicht sonderlich ausgepr\u00e4gt. Aus einem Rest Schrankt\u00fcr (oder sowas) habe ich das Tor mit der Dekupiers\u00e4ge ausgeschnitten. Die wei\u00df Oberfl\u00e4che passte schon und ich musste nur noch ein bisschen Dekor drauf pinseln. Die reichlich gef\u00fcllten Regale mit den Farbresten waren da sehr hilfreich. <\/p>\n<p style=\"text-align:center;font-size: smaller;\"><img decoding=\"async\" src=\"http:\/\/www.andreas-edler.de\/grafik\/blog_2011\/20110514_burg_6.jpg\" width=\"470\" border=\"0\" alt=\"\" title=\"\"><\/p>\n<p> Tscha, grunds\u00e4tzlich das Teil fertig. Ich schraube noch einen Marmeladenglasdeckel auf den Wurfarm, damit das Wurfgut nicht verrutscht. Und ich muss mir noch einen fluffigen Abstopper ausdenken, weil ansonsten das verwendete Gummi soviel Zug auf den Arm bringt, das der beim Hochschnellen problemlos Paran\u00fcsse knacken kann. Zur Bedienung auf dem Schulfest wird definitiv &#8222;ein Gro\u00dfer&#8220; abgestellt werden m\u00fcssen. <\/p>\n<p style=\"text-align:center;font-size: smaller;\"><img decoding=\"async\" src=\"http:\/\/www.andreas-edler.de\/grafik\/blog_2011\/20110514_burg_7.jpg\" width=\"470\" border=\"0\" alt=\"\" title=\"\"><\/p>\n<p> Ich bin gespannt, wie weit das Ding &#8222;schie\u00dfen&#8220; kann. Ich hoffe, es wirft \u00fcberhaupt und haut nicht alles kaputt. Heute ist mir drau\u00dfen aber zu nass zum Ausprobieren.<\/p>\n","protected":false},"excerpt":{"rendered":"<p>Im Sommer findet an der Grundschule Eidinghausen das traditionelle und zweij\u00e4hrliche Sommerfest statt. Alle Klassen pr\u00e4sentieren Spielchen, Selbstgebackenes und Lustiges. Und wenn man am Elternabend solche Dinge bespricht, dann ist man wohl mitgefangen, wenn es darum geht was auf die &hellip;<\/p>\n<p class=\"read-more\"> <a class=\"more-link\" href=\"https:\/\/www.andreas-edler.de\/blog\/2011\/05\/schaumkusswurfmaschine-basteln\/\"> <span class=\"screen-reader-text\">Schaumkusswurfmaschine basteln<\/span> Weiterlesen &raquo;<\/a><\/p>\n","protected":false},"author":1,"featured_media":0,"comment_status":"open","ping_status":"open","sticky":false,"template":"","format":"standard","meta":{"ngg_post_thumbnail":0,"activitypub_content_warning":"","activitypub_content_visibility":"","activitypub_max_image_attachments":2,"activitypub_interaction_policy_quote":"anyone","activitypub_status":"","footnotes":""},"categories":[22],"tags":[32,78],"class_list":["post-9644","post","type-post","status-publish","format-standard","hentry","category-basteln","tag-gewinner","tag-schule"],"share_on_mastodon":{"url":"","error":""},"_links":{"self":[{"href":"https:\/\/www.andreas-edler.de\/blog\/wp-json\/wp\/v2\/posts\/9644","targetHints":{"allow":["GET"]}}],"collection":[{"href":"https:\/\/www.andreas-edler.de\/blog\/wp-json\/wp\/v2\/posts"}],"about":[{"href":"https:\/\/www.andreas-edler.de\/blog\/wp-json\/wp\/v2\/types\/post"}],"author":[{"embeddable":true,"href":"https:\/\/www.andreas-edler.de\/blog\/wp-json\/wp\/v2\/users\/1"}],"replies":[{"embeddable":true,"href":"https:\/\/www.andreas-edler.de\/blog\/wp-json\/wp\/v2\/comments?post=9644"}],"version-history":[{"count":0,"href":"https:\/\/www.andreas-edler.de\/blog\/wp-json\/wp\/v2\/posts\/9644\/revisions"}],"wp:attachment":[{"href":"https:\/\/www.andreas-edler.de\/blog\/wp-json\/wp\/v2\/media?parent=9644"}],"wp:term":[{"taxonomy":"category","embeddable":true,"href":"https:\/\/www.andreas-edler.de\/blog\/wp-json\/wp\/v2\/categories?post=9644"},{"taxonomy":"post_tag","embeddable":true,"href":"https:\/\/www.andreas-edler.de\/blog\/wp-json\/wp\/v2\/tags?post=9644"}],"curies":[{"name":"wp","href":"https:\/\/api.w.org\/{rel}","templated":true}]}}