{"id":9639,"date":"2011-05-13T20:25:38","date_gmt":"2011-05-13T18:25:38","guid":{"rendered":"http:\/\/www.andreas-edler.de\/blog\/?p=9639"},"modified":"2011-05-13T20:25:38","modified_gmt":"2011-05-13T18:25:38","slug":"emporend","status":"publish","type":"post","link":"https:\/\/www.andreas-edler.de\/blog\/2011\/05\/emporend\/","title":{"rendered":"Emp\u00f6rend!"},"content":{"rendered":"<p>Hatte ich hier noch in &#8222;<a href=\"http:\/\/readitlaterlist.com\/\">Read-it-Later<\/a>&#8220; gespeichert: <a href=\"http:\/\/www.derwesten.de\/staedte\/hagen\/Die-Kirche-ist-empoert-Thalia-macht-Oster-zu-Hasenfest-id4558800.html#derwestenRSS\">Die Kirche ist emp\u00f6rt &#8211; Thalia macht Oster- zu Hasenfest<\/a>! Das ist wirklich ganz, ganz schlimm. Vor allen Dingen, da die Hasen gar kein Fest feiern, sondern weiter fr\u00f6hlich auf der Wiese rammeln. Obwohl, das kann ja durchaus auch ein Fest sein.<\/p>\n<p>Jedenfalls ist die Kirche die letzte Institution, die sich \u00fcber eine solche Namensgebungs\u00e4nderung aufregen sollte. Tim hat seinerzeit im evangelischen Kindergarten n\u00e4mlich keinen &#8222;Karneval&#8220; feiern d\u00fcrfen! Die Kleinen machten ein &#8222;Verkleidungsfest&#8220; &#8230;<\/p>\n","protected":false},"excerpt":{"rendered":"<p>Hatte ich hier noch in &#8222;Read-it-Later&#8220; gespeichert: Die Kirche ist emp\u00f6rt &#8211; Thalia macht Oster- zu Hasenfest! Das ist wirklich ganz, ganz schlimm. Vor allen Dingen, da die Hasen gar kein Fest feiern, sondern weiter fr\u00f6hlich auf der Wiese rammeln. &hellip;<\/p>\n<p class=\"read-more\"> <a class=\"more-link\" href=\"https:\/\/www.andreas-edler.de\/blog\/2011\/05\/emporend\/\"> <span class=\"screen-reader-text\">Emp\u00f6rend!<\/span> Weiterlesen &raquo;<\/a><\/p>\n","protected":false},"author":1,"featured_media":0,"comment_status":"open","ping_status":"open","sticky":false,"template":"","format":"standard","meta":{"ngg_post_thumbnail":0,"activitypub_content_warning":"","activitypub_content_visibility":"","activitypub_max_image_attachments":2,"activitypub_interaction_policy_quote":"anyone","activitypub_status":"","footnotes":""},"categories":[18],"tags":[21,34,74],"class_list":["post-9639","post","type-post","status-publish","format-standard","hentry","category-fraglich","tag-feier","tag-kommunikation","tag-religion"],"share_on_mastodon":{"url":"","error":""},"_links":{"self":[{"href":"https:\/\/www.andreas-edler.de\/blog\/wp-json\/wp\/v2\/posts\/9639","targetHints":{"allow":["GET"]}}],"collection":[{"href":"https:\/\/www.andreas-edler.de\/blog\/wp-json\/wp\/v2\/posts"}],"about":[{"href":"https:\/\/www.andreas-edler.de\/blog\/wp-json\/wp\/v2\/types\/post"}],"author":[{"embeddable":true,"href":"https:\/\/www.andreas-edler.de\/blog\/wp-json\/wp\/v2\/users\/1"}],"replies":[{"embeddable":true,"href":"https:\/\/www.andreas-edler.de\/blog\/wp-json\/wp\/v2\/comments?post=9639"}],"version-history":[{"count":0,"href":"https:\/\/www.andreas-edler.de\/blog\/wp-json\/wp\/v2\/posts\/9639\/revisions"}],"wp:attachment":[{"href":"https:\/\/www.andreas-edler.de\/blog\/wp-json\/wp\/v2\/media?parent=9639"}],"wp:term":[{"taxonomy":"category","embeddable":true,"href":"https:\/\/www.andreas-edler.de\/blog\/wp-json\/wp\/v2\/categories?post=9639"},{"taxonomy":"post_tag","embeddable":true,"href":"https:\/\/www.andreas-edler.de\/blog\/wp-json\/wp\/v2\/tags?post=9639"}],"curies":[{"name":"wp","href":"https:\/\/api.w.org\/{rel}","templated":true}]}}