{"id":9623,"date":"2011-05-08T19:38:18","date_gmt":"2011-05-08T17:38:18","guid":{"rendered":"http:\/\/www.andreas-edler.de\/blog\/?p=9623"},"modified":"2011-05-08T22:23:31","modified_gmt":"2011-05-08T20:23:31","slug":"vlotho-und-zurueck","status":"publish","type":"post","link":"https:\/\/www.andreas-edler.de\/blog\/2011\/05\/vlotho-und-zurueck\/","title":{"rendered":"Vlotho und zur\u00fcck"},"content":{"rendered":"<p>Noch vor Mittag haben wir die R\u00e4der aus dem Schuppen geholt, um uns ein bisschen die Beine zu vertreten. Nicht weit, bis Vlotho und zur\u00fcck. Sogar Tim war sofort einverstanden &#8211; woran sicher nicht zuletzt die Aussicht auf ein Eis beigetragen hat. Als wir an der Weserbr\u00fccke der Nachbarstadt ankamen, sahen wir reichlich Autos und Menschen. <\/p>\n<p style=\"text-align:center;\"><img decoding=\"async\" src=\"http:\/\/www.andreas-edler.de\/grafik\/blog_2011\/20110508_vlotho_hafenfest.jpg\" width=\"470\" border=\"0\" alt=\"\" title=\"\"><\/p>\n<p> Da hatten wir neben dem Wetter auch noch das Gl\u00fcck, das Hafenfest mitzunehmen. Auch wenn wir nicht als Konsumente teilgenommen haben, so haben wir doch gerne ein bisschen dort angehalten und geguckt. Tim ist begeistert auf den Landestegen rumgelaufen, ich habe Fotos gemacht und Alex hat sich auf einer Decke ausgeruht. <\/p>\n<p style=\"text-align:center;\"><img decoding=\"async\" src=\"http:\/\/www.andreas-edler.de\/grafik\/blog_2011\/20110508_vlotho_hafen.jpg\" width=\"470\" border=\"0\" alt=\"\" title=\"\"><\/p>\n<p> Ich hab&#8217;s ja schon mal geschrieben: wir wohnen hier tats\u00e4chlich sehr sch\u00f6n. Muss man nur einfach mal genie\u00dfen.<\/p>\n<p>Der Weg \u00fcber die Br\u00fccke in Vlotho hat mich aber ein bisschen ge\u00e4rgert. Ich bin da schon oft gefahren, allerdings nicht auf dem daf\u00fcr vorgesehenen &#8222;Radweg&#8220;, sondern auf dem abgetretten Seitenstreifen der Fahrbahn. Ich bin ja nicht verr\u00fcckt. Heute mit dem Nachwuchs habe ich mich selbstverst\u00e4ndlich an die Ausschilderung gehalten und gleich mehrfach bemerkt, warum das Mist ist. Der kombinierte Geh-\/Radweg \u00fcber die Br\u00fccke ist viel zu schmal, das ist schon frech, was einem da geboten wird. Prompt wurden wir auch von einem behelmten Radler mit Sicherheitsweste von hinten angebimmelt, weil er vorbei wollte. Ja Kerl, dann benutz&#8216; den Seitenstreifen und fahr nicht meinen Sohn um! <\/p>\n<p style=\"text-align:center;\"><img decoding=\"async\" src=\"http:\/\/www.andreas-edler.de\/grafik\/blog_2011\/20110508_vlotho_verkehrsfuehrung.jpg\" width=\"470\" border=\"0\" alt=\"\" title=\"\"><\/p>\n<p> Richtig gef\u00e4hrlich wird es dann aber ausgangs der Br\u00fccke. Welcher Stratege hat sich diese Radwegf\u00fchrung ausgedacht? Erst wird der Weg hinter einem hohen, sichtversperrenden Gel\u00e4nder gef\u00fchrt und dann genau in der Abbiegespur in einem Schwenk auf die Fahrbahn geleitet. Prima, ganz toll gemacht. Welcher Autofahrer guckt da denn \u00fcber die Schulter? Ich habe in der kurzen Zeit eher enge Situationen beobachtet. War ja genug los heute.<\/p>\n<p>Das Eis war \u00fcbrigens nicht so lecker. Mein Tiramisu-Becher war eher ein Walnussbecher und hatte einen irgendwie unangenehmen Geschmack und wenn sogar Tim sein Spaghetti-Eis stehen l\u00e4sst &#8230; das will schon was hei\u00dfen. Ich habe es \u00fcbrigens auch nicht aufgegessen, weil mir der Geschmack auch nicht zusagte. <\/p>\n<p style=\"text-align:center;\"><img decoding=\"async\" src=\"http:\/\/www.andreas-edler.de\/grafik\/blog_2011\/20110508_vlotho_fahrradstrasse.jpg\" width=\"470\" border=\"0\" alt=\"\" title=\"\"><\/p>\n<p> Auf dem R\u00fcckweg habe ich dann aber wieder gegrinst, weil ich (wahrscheinlich ist mir das doch schon \u00f6fter aufgefallen) die Fahrradstra\u00dfe auf der Portaner Seite der Weser entdeckt habe. Habe ich noch kein Foto von, glaube ich.<\/p>\n<p>Danach noch an der Modellrennbahn in Rehme angehalten, an der Rehmer Insel gestoppt, die Nordumgehungsbr\u00fccke angesehen und dann zu Hause angekomenn. Knapp 25 Kilometer im Sattel &#8230; sehr sch\u00f6n.<\/p>\n","protected":false},"excerpt":{"rendered":"<p>Noch vor Mittag haben wir die R\u00e4der aus dem Schuppen geholt, um uns ein bisschen die Beine zu vertreten. Nicht weit, bis Vlotho und zur\u00fcck. Sogar Tim war sofort einverstanden &#8211; woran sicher nicht zuletzt die Aussicht auf ein Eis &hellip;<\/p>\n<p class=\"read-more\"> <a class=\"more-link\" href=\"https:\/\/www.andreas-edler.de\/blog\/2011\/05\/vlotho-und-zurueck\/\"> <span class=\"screen-reader-text\">Vlotho und zur\u00fcck<\/span> Weiterlesen &raquo;<\/a><\/p>\n","protected":false},"author":1,"featured_media":0,"comment_status":"open","ping_status":"open","sticky":false,"template":"","format":"standard","meta":{"ngg_post_thumbnail":0,"activitypub_content_warning":"","activitypub_content_visibility":"","activitypub_max_image_attachments":2,"activitypub_interaction_policy_quote":"anyone","activitypub_status":"","footnotes":""},"categories":[15],"tags":[5],"class_list":["post-9623","post","type-post","status-publish","format-standard","hentry","category-fahrrad","tag-unterwegs"],"share_on_mastodon":{"url":"","error":""},"_links":{"self":[{"href":"https:\/\/www.andreas-edler.de\/blog\/wp-json\/wp\/v2\/posts\/9623","targetHints":{"allow":["GET"]}}],"collection":[{"href":"https:\/\/www.andreas-edler.de\/blog\/wp-json\/wp\/v2\/posts"}],"about":[{"href":"https:\/\/www.andreas-edler.de\/blog\/wp-json\/wp\/v2\/types\/post"}],"author":[{"embeddable":true,"href":"https:\/\/www.andreas-edler.de\/blog\/wp-json\/wp\/v2\/users\/1"}],"replies":[{"embeddable":true,"href":"https:\/\/www.andreas-edler.de\/blog\/wp-json\/wp\/v2\/comments?post=9623"}],"version-history":[{"count":0,"href":"https:\/\/www.andreas-edler.de\/blog\/wp-json\/wp\/v2\/posts\/9623\/revisions"}],"wp:attachment":[{"href":"https:\/\/www.andreas-edler.de\/blog\/wp-json\/wp\/v2\/media?parent=9623"}],"wp:term":[{"taxonomy":"category","embeddable":true,"href":"https:\/\/www.andreas-edler.de\/blog\/wp-json\/wp\/v2\/categories?post=9623"},{"taxonomy":"post_tag","embeddable":true,"href":"https:\/\/www.andreas-edler.de\/blog\/wp-json\/wp\/v2\/tags?post=9623"}],"curies":[{"name":"wp","href":"https:\/\/api.w.org\/{rel}","templated":true}]}}