{"id":9542,"date":"2011-04-23T23:54:29","date_gmt":"2011-04-23T21:54:29","guid":{"rendered":"http:\/\/www.andreas-edler.de\/blog\/?p=9542"},"modified":"2011-04-23T23:54:29","modified_gmt":"2011-04-23T21:54:29","slug":"osterfeuer-in-eidinghausen-2011","status":"publish","type":"post","link":"https:\/\/www.andreas-edler.de\/blog\/2011\/04\/osterfeuer-in-eidinghausen-2011\/","title":{"rendered":"Osterfeuer in Eidinghausen 2011"},"content":{"rendered":"<p style=\"text-align:center;\"><img decoding=\"async\" src=\"http:\/\/www.andreas-edler.de\/grafik\/blog_2011\/20110423_osterfeuer_0.jpg\" width=\"470\" border=\"0\" alt=\"\" title=\"\"><\/p>\n<p> Dieses Jahr sind wir super fr\u00fch dort aufgeschlagen. Von Freunden aus haben wir schon gegen 17 Uhr gesehen, wie das &#8222;Kinderfeuer&#8220; entz\u00fcndet wurde &#8211; allerdings ohne G\u00e4ste vor Ort. Haben uns dann f\u00fcr 18 Uhr verabredet, waren eine Viertelstunde eher da und trotzdem noch mit unter den ersten. Auch gut &#8211; konnten so n\u00e4mlich ohne Gedr\u00e4nge und langes Warten W\u00fcrstchen und Pommes zum sofortigen Verzehr erwerben. <\/p>\n<p style=\"text-align:center;\"><img decoding=\"async\" src=\"http:\/\/www.andreas-edler.de\/grafik\/blog_2011\/20110423_osterfeuer_1.jpg\" width=\"470\" border=\"0\" alt=\"\" title=\"\"><\/p>\n<p> Als die Sonne dann immer weiter gen Horizont r\u00fcckte, haben die Feuerwehrleute auch das eigentliche Osterfeuer angefacht. Und das brannte wie Zunder! <a href=\"http:\/\/www.andreas-edler.de\/blog\/2010\/04\/osterfeuer-eidinghausen-2010\/\">Im letzten Jahr<\/a> dauerte es deutlich l\u00e4nger bis richtig Feuer zu sehen war und es war wesentlich rauchiger. In diesem Jahr sind wir 3 Wochen sp\u00e4ter dran und haben schon eine Woche lang Sommer. War also mehr ein Grillfest, statt ein Osterfeuer. Trotzdem sch\u00f6n! <\/p>\n<p style=\"text-align:center;\"><a href=\"https:\/\/picasaweb.google.com\/a.edler\/Landschaft#5598884066666831714\"><img decoding=\"async\" src=\"http:\/\/www.andreas-edler.de\/grafik\/blog_2011\/20110423_osterfeuer_2.jpg\" width=\"470\" border=\"0\" alt=\"\" title=\"\"><\/a><\/p>\n<p> Wie gesagt, kaum Rauch &#8211; daf\u00fcr Hitzeflimmern! Ich habe wieder massenhaft Bilder vom Sonnenuntergang gemacht. Auch wenn das kitschig ist ;-) <\/p>\n<p style=\"text-align:center;\"><img decoding=\"async\" src=\"http:\/\/www.andreas-edler.de\/grafik\/blog_2011\/20110423_osterfeuer_3.jpg\" width=\"470\" border=\"0\" alt=\"\" title=\"\"><\/p>\n<p> Um kurz nach 9 waren wir wieder zu Hause. 3 Stunden m\u00fcssen dann auch mal reichen.<\/p>\n","protected":false},"excerpt":{"rendered":"<p>Dieses Jahr sind wir super fr\u00fch dort aufgeschlagen. Von Freunden aus haben wir schon gegen 17 Uhr gesehen, wie das &#8222;Kinderfeuer&#8220; entz\u00fcndet wurde &#8211; allerdings ohne G\u00e4ste vor Ort. Haben uns dann f\u00fcr 18 Uhr verabredet, waren eine Viertelstunde eher &hellip;<\/p>\n<p class=\"read-more\"> <a class=\"more-link\" href=\"https:\/\/www.andreas-edler.de\/blog\/2011\/04\/osterfeuer-in-eidinghausen-2011\/\"> <span class=\"screen-reader-text\">Osterfeuer in Eidinghausen 2011<\/span> Weiterlesen &raquo;<\/a><\/p>\n","protected":false},"author":1,"featured_media":0,"comment_status":"open","ping_status":"open","sticky":false,"template":"","format":"standard","meta":{"ngg_post_thumbnail":0,"activitypub_content_warning":"","activitypub_content_visibility":"","activitypub_max_image_attachments":2,"activitypub_interaction_policy_quote":"anyone","activitypub_status":"","footnotes":""},"categories":[14],"tags":[17,21,4,53],"class_list":["post-9542","post","type-post","status-publish","format-standard","hentry","category-bad-oeynhausen","tag-auf-der-piste","tag-feier","tag-foto","tag-wetter"],"share_on_mastodon":{"url":"","error":""},"_links":{"self":[{"href":"https:\/\/www.andreas-edler.de\/blog\/wp-json\/wp\/v2\/posts\/9542","targetHints":{"allow":["GET"]}}],"collection":[{"href":"https:\/\/www.andreas-edler.de\/blog\/wp-json\/wp\/v2\/posts"}],"about":[{"href":"https:\/\/www.andreas-edler.de\/blog\/wp-json\/wp\/v2\/types\/post"}],"author":[{"embeddable":true,"href":"https:\/\/www.andreas-edler.de\/blog\/wp-json\/wp\/v2\/users\/1"}],"replies":[{"embeddable":true,"href":"https:\/\/www.andreas-edler.de\/blog\/wp-json\/wp\/v2\/comments?post=9542"}],"version-history":[{"count":0,"href":"https:\/\/www.andreas-edler.de\/blog\/wp-json\/wp\/v2\/posts\/9542\/revisions"}],"wp:attachment":[{"href":"https:\/\/www.andreas-edler.de\/blog\/wp-json\/wp\/v2\/media?parent=9542"}],"wp:term":[{"taxonomy":"category","embeddable":true,"href":"https:\/\/www.andreas-edler.de\/blog\/wp-json\/wp\/v2\/categories?post=9542"},{"taxonomy":"post_tag","embeddable":true,"href":"https:\/\/www.andreas-edler.de\/blog\/wp-json\/wp\/v2\/tags?post=9542"}],"curies":[{"name":"wp","href":"https:\/\/api.w.org\/{rel}","templated":true}]}}