{"id":9536,"date":"2011-04-23T23:28:17","date_gmt":"2011-04-23T21:28:17","guid":{"rendered":"http:\/\/www.andreas-edler.de\/blog\/?p=9536"},"modified":"2011-04-23T23:28:17","modified_gmt":"2011-04-23T21:28:17","slug":"fahrradreparatur","status":"publish","type":"post","link":"https:\/\/www.andreas-edler.de\/blog\/2011\/04\/fahrradreparatur\/","title":{"rendered":"Fahrradreparatur"},"content":{"rendered":"<p>Eine Fr\u00fchlingswartung braucht mein Rad eigentlich nicht &#8211; ich benutze das ja nun das ganze Jahr \u00fcber. Eigentlich ist das immer halbwegs in Ordnung. N\u00e4chste Woche wollen wir aber urlaubsbedingt wohl ein oder zwei Kilometer unter die R\u00e4der nehmen und da schadet es ja nicht, wenn man mal nach dem Rechten guckt. <\/p>\n<p style=\"text-align:center;\"><img decoding=\"async\" src=\"http:\/\/www.andreas-edler.de\/grafik\/blog_2011\/20110423_purgatory.jpg\" width=\"470\" border=\"0\" alt=\"\" title=\"\"><\/p>\n<p> Passte soweit auch alles, bis auf den Bowdenzug f\u00fcr den Umwerfer. Von den 12 Adern waren nur noch 4 vorhanden, der Rest zeigte ausgefranst in alle m\u00f6glichen Richtungen. Hab&#8216; dann schnell im <a href=\"http:\/\/www.radladen.com\">Radladen<\/a> Ersatz besorgt. Und noch dies und das, zack, 50 Tacken f\u00fcr Kleinteile. Waren doch nur eine Handvoll Kool-Stopp Bremskl\u00f6tze, 6 Bowdenz\u00fcge und Nippel und sowas.<\/p>\n<p>Auf jeden Fall ist nun alles wieder leichtg\u00e4ngig und klapperfrei. Ich war ja schon kurz davor, mich nach einem neuen Reise-\/Arbeitsrad umzuschauen, aber ein Jahr h\u00e4lt das hier wieder. <\/p>\n<p style=\"text-align:center;\"><img decoding=\"async\" src=\"http:\/\/www.andreas-edler.de\/grafik\/blog_2011\/20110423_sks_air_xpress.jpg\" width=\"470\" border=\"0\" alt=\"\" title=\"\"><\/p>\n<p> Beim Luft aufpumpen hat&#8217;s dann nach 4 Jahren allerdings die <a href=\"http:\/\/www.andreas-edler.de\/blog\/2007\/11\/sks-air-x-press-2\/\">SKS Air Xpress<\/a> zerlegt. Nicht meine Modifikation &#8211; die ist immer noch perfekt &#8211; sondern die Kolbenstange hat sich aus dem Kolben gedreht. Ist aber schnell <s>aufgebrochen<\/s> ge\u00f6ffnet und wieder zusammen geschraubt. Bei der Gelegenheit konnte ich das Ding auch endlich mal fetten. Pumpt jetzt wieder wie am ersten Tag!<\/p>\n","protected":false},"excerpt":{"rendered":"<p>Eine Fr\u00fchlingswartung braucht mein Rad eigentlich nicht &#8211; ich benutze das ja nun das ganze Jahr \u00fcber. Eigentlich ist das immer halbwegs in Ordnung. N\u00e4chste Woche wollen wir aber urlaubsbedingt wohl ein oder zwei Kilometer unter die R\u00e4der nehmen und &hellip;<\/p>\n<p class=\"read-more\"> <a class=\"more-link\" href=\"https:\/\/www.andreas-edler.de\/blog\/2011\/04\/fahrradreparatur\/\"> <span class=\"screen-reader-text\">Fahrradreparatur<\/span> Weiterlesen &raquo;<\/a><\/p>\n","protected":false},"author":1,"featured_media":0,"comment_status":"open","ping_status":"open","sticky":false,"template":"","format":"standard","meta":{"ngg_post_thumbnail":0,"activitypub_content_warning":"","activitypub_content_visibility":"","activitypub_max_image_attachments":2,"activitypub_interaction_policy_quote":"anyone","activitypub_status":"","footnotes":""},"categories":[22,15],"tags":[],"class_list":["post-9536","post","type-post","status-publish","format-standard","hentry","category-basteln","category-fahrrad"],"share_on_mastodon":{"url":"","error":""},"_links":{"self":[{"href":"https:\/\/www.andreas-edler.de\/blog\/wp-json\/wp\/v2\/posts\/9536","targetHints":{"allow":["GET"]}}],"collection":[{"href":"https:\/\/www.andreas-edler.de\/blog\/wp-json\/wp\/v2\/posts"}],"about":[{"href":"https:\/\/www.andreas-edler.de\/blog\/wp-json\/wp\/v2\/types\/post"}],"author":[{"embeddable":true,"href":"https:\/\/www.andreas-edler.de\/blog\/wp-json\/wp\/v2\/users\/1"}],"replies":[{"embeddable":true,"href":"https:\/\/www.andreas-edler.de\/blog\/wp-json\/wp\/v2\/comments?post=9536"}],"version-history":[{"count":0,"href":"https:\/\/www.andreas-edler.de\/blog\/wp-json\/wp\/v2\/posts\/9536\/revisions"}],"wp:attachment":[{"href":"https:\/\/www.andreas-edler.de\/blog\/wp-json\/wp\/v2\/media?parent=9536"}],"wp:term":[{"taxonomy":"category","embeddable":true,"href":"https:\/\/www.andreas-edler.de\/blog\/wp-json\/wp\/v2\/categories?post=9536"},{"taxonomy":"post_tag","embeddable":true,"href":"https:\/\/www.andreas-edler.de\/blog\/wp-json\/wp\/v2\/tags?post=9536"}],"curies":[{"name":"wp","href":"https:\/\/api.w.org\/{rel}","templated":true}]}}