{"id":9531,"date":"2011-04-23T09:19:03","date_gmt":"2011-04-23T07:19:03","guid":{"rendered":"http:\/\/www.andreas-edler.de\/blog\/?p=9531"},"modified":"2011-04-23T09:19:03","modified_gmt":"2011-04-23T07:19:03","slug":"kurstadt-radelt-hinterher","status":"publish","type":"post","link":"https:\/\/www.andreas-edler.de\/blog\/2011\/04\/kurstadt-radelt-hinterher\/","title":{"rendered":"Kurstadt radelt hinterher"},"content":{"rendered":"<p>Die Neue-Westf\u00e4lische hatte gestern <a href=\"http:\/\/www.nw-news.de\/lokale_news\/bad_oeynhausen\/bad_oeynhausen\/4409592_Kurstadt_radelt_hinterher.html\">einen Artikel zur touristischen Situation f\u00fcr Radfahrer<\/a> im Programm und ich kann diesem inhaltlich eigentlich nur zustimmen. Nur: weshalb der journalistische Dornr\u00f6schenschlaf? <cite>NW vom 22.04.2011: <b><a href=\"http:\/\/www.nw-news.de\/lokale_news\/bad_oeynhausen\/bad_oeynhausen\/4409592_Kurstadt_radelt_hinterher.html\">Bett &#038; Bike, Movelo oder Hinweisschilder auf die Stadt \u2013 Frank Oette hat viel zu tun<\/a><\/b><br \/>\n&#8230; Rinteln, Hameln, H\u00f6xter. Nur eine Stadt schl\u00e4ft im Dornr\u00f6schenschlaf: Bad Oeynhausen. Egal, ob Weserradweg, Bett&#038;Bike-Angebote oder Hinweisschilder auf der Rehmer Insel \u2013 wenn es um die Weser als Tourismusmagnet geht, radelt die Kurstadt weit hinterher &#8230;<\/cite> Das ist alles nicht neu. Genau diese Dinge, die <a href=\"http:\/\/www.nw-news.de\/lokale_news\/bad_oeynhausen\/bad_oeynhausen\/4409592_Kurstadt_radelt_hinterher.html\">dort beschrieben<\/a> stehen, sind Punkte, die im Arbeitskreis &#8222;Fahrradfreundliche Stadt Bad Oeynhausen&#8220; bereits vor 3 Jahren erarbeitet bzw. fixiert wurden. Kein Wort damals davon in der Presse.<\/p>\n<p>Am 20.05.2008 hatte die Neue-Westf\u00e4lische <a href=\"http:\/\/www.andreas-edler.de\/blog\/2008\/05\/unerhorte-radler\/\">ein Interview mit Ulrich Gaidies und mir anl\u00e4sslich des &#8222;Runden Tisches&#8220;<\/a>. In diesem wurde die mangelhafte Beschilderung und das Potenzial durch den Tourismus auf dem Weserradweg angesprochen und hat es sogar bis in das Blatt geschafft.<\/p>\n<p>Am 21.04.2010<a href=\"http:\/\/www.gruene-badoeynhausen.de\/cms\/index.php\/presse\/23-orientierungshilfe-fuer-radler\"> stellten Rainer M\u00fcller-Held und ich der Neuen-Westf\u00e4lischen und dem Westfalen-Blatt den Radroutenplan der Gr\u00fcnen<\/a>, welcher unter aktiver Mithilfe der Teilnehmer des Runden Tisches entstand, vor. Auch in diesem Gespr\u00e4ch wurde \u00fcber die touristischen Potenziale durch den Weserradweg und die entsprechenden M\u00e4ngel in Bad Oeynhausen gesprochen. Auch das hat es bis in die Zeitung geschafft.<\/p>\n<p>Die Rufer aus den eigenen Reihen z\u00e4hlen offensichtlich nicht, um daraufhin einen solch gro\u00dfen Artikel zu machen. Ehrlich gesagt wei\u00df ich nicht einmal, was der Ausl\u00f6ser ist, denn die Situation der mangelhaften Beteiligung Bad Oeynhausens am Weserradweg besteht ja nun eben nicht erst seit gestern und Aktionen anderer Kommunen gab es auch schon in den vergangenen Jahren.<\/p>\n<p><a href=\"http:\/\/www.andreas-edler.de\/blog\/2011\/02\/wer-sich-noch-nicht-mit-etwas-beschaftigt-hat\/\">Anfang des Jahres<\/a> wurde in der NW die &#8222;Fahrradfreundlichkeit&#8220; noch heftig kritisiert und nun hat man sich das Radeln auf die Fahnen geschrieben?<\/p>\n","protected":false},"excerpt":{"rendered":"<p>Die Neue-Westf\u00e4lische hatte gestern einen Artikel zur touristischen Situation f\u00fcr Radfahrer im Programm und ich kann diesem inhaltlich eigentlich nur zustimmen. Nur: weshalb der journalistische Dornr\u00f6schenschlaf? NW vom 22.04.2011: Bett &#038; Bike, Movelo oder Hinweisschilder auf die Stadt \u2013 Frank &hellip;<\/p>\n<p class=\"read-more\"> <a class=\"more-link\" href=\"https:\/\/www.andreas-edler.de\/blog\/2011\/04\/kurstadt-radelt-hinterher\/\"> <span class=\"screen-reader-text\">Kurstadt radelt hinterher<\/span> Weiterlesen &raquo;<\/a><\/p>\n","protected":false},"author":1,"featured_media":0,"comment_status":"open","ping_status":"open","sticky":false,"template":"","format":"standard","meta":{"ngg_post_thumbnail":0,"activitypub_content_warning":"","activitypub_content_visibility":"","activitypub_max_image_attachments":2,"activitypub_interaction_policy_quote":"anyone","activitypub_status":"","footnotes":""},"categories":[14,15,13],"tags":[223,59,3,33],"class_list":["post-9531","post","type-post","status-publish","format-standard","hentry","category-bad-oeynhausen","category-fahrrad","category-verkehr","tag-werbung","tag-presse","tag-reise","tag-service"],"share_on_mastodon":{"url":"","error":""},"_links":{"self":[{"href":"https:\/\/www.andreas-edler.de\/blog\/wp-json\/wp\/v2\/posts\/9531","targetHints":{"allow":["GET"]}}],"collection":[{"href":"https:\/\/www.andreas-edler.de\/blog\/wp-json\/wp\/v2\/posts"}],"about":[{"href":"https:\/\/www.andreas-edler.de\/blog\/wp-json\/wp\/v2\/types\/post"}],"author":[{"embeddable":true,"href":"https:\/\/www.andreas-edler.de\/blog\/wp-json\/wp\/v2\/users\/1"}],"replies":[{"embeddable":true,"href":"https:\/\/www.andreas-edler.de\/blog\/wp-json\/wp\/v2\/comments?post=9531"}],"version-history":[{"count":0,"href":"https:\/\/www.andreas-edler.de\/blog\/wp-json\/wp\/v2\/posts\/9531\/revisions"}],"wp:attachment":[{"href":"https:\/\/www.andreas-edler.de\/blog\/wp-json\/wp\/v2\/media?parent=9531"}],"wp:term":[{"taxonomy":"category","embeddable":true,"href":"https:\/\/www.andreas-edler.de\/blog\/wp-json\/wp\/v2\/categories?post=9531"},{"taxonomy":"post_tag","embeddable":true,"href":"https:\/\/www.andreas-edler.de\/blog\/wp-json\/wp\/v2\/tags?post=9531"}],"curies":[{"name":"wp","href":"https:\/\/api.w.org\/{rel}","templated":true}]}}