{"id":9483,"date":"2011-04-08T18:06:32","date_gmt":"2011-04-08T16:06:32","guid":{"rendered":"http:\/\/www.andreas-edler.de\/blog\/?p=9483"},"modified":"2011-04-09T14:39:44","modified_gmt":"2011-04-09T12:39:44","slug":"feierabendrunde-35","status":"publish","type":"post","link":"https:\/\/www.andreas-edler.de\/blog\/2011\/04\/feierabendrunde-35\/","title":{"rendered":"Feierabendrunde"},"content":{"rendered":"<p>Nach dem B\u00fcro und vor der Fahrt nach J\u00f6llenbeck noch schnell die Radschuhe an und eine kleine Runde gedreht. Hoch zum R\u00fctli auf der Eben\u00f6de, von der dort quer r\u00fcber zur Lohe und dann runter in die Stadt zur Apotheke, um das bestellte Sumatriptan abzuholen.<\/p>\n<p>Aufgefallen ist mir, dass mit zunehmend besser werdendem Wetter die Laune der Autofahrer und ide Bereitschaft, sich an die Verkehrsregeln zu halten stetig abnimmt. Bin schon lange nicht mehr so oft angehupt, eng \u00fcberholt oder angep\u00f6belt worden. Und ich habe &#8211; wo vorgeschrieben &#8211; sogar die Radwege benutzt :-o<\/p>\n<p>16 km | 18 km\/h Schnitt | 47 Km\/h max. | 235 H\u00f6henmeter <\/p>\n<p style=\"text-align:center;font-size: smaller;\"><img decoding=\"async\" src=\"http:\/\/www.andreas-edler.de\/grafik\/blog_2011\/20110408_ebenoede.jpg\" width=\"470\" border=\"0\" alt=\"\" title=\"\"><\/p>\n","protected":false},"excerpt":{"rendered":"<p>Nach dem B\u00fcro und vor der Fahrt nach J\u00f6llenbeck noch schnell die Radschuhe an und eine kleine Runde gedreht. Hoch zum R\u00fctli auf der Eben\u00f6de, von der dort quer r\u00fcber zur Lohe und dann runter in die Stadt zur Apotheke, &hellip;<\/p>\n<p class=\"read-more\"> <a class=\"more-link\" href=\"https:\/\/www.andreas-edler.de\/blog\/2011\/04\/feierabendrunde-35\/\"> <span class=\"screen-reader-text\">Feierabendrunde<\/span> Weiterlesen &raquo;<\/a><\/p>\n","protected":false},"author":1,"featured_media":0,"comment_status":"open","ping_status":"open","sticky":false,"template":"","format":"standard","meta":{"ngg_post_thumbnail":0,"activitypub_content_warning":"","activitypub_content_visibility":"","activitypub_max_image_attachments":2,"activitypub_interaction_policy_quote":"anyone","activitypub_status":"","footnotes":""},"categories":[15,13],"tags":[],"class_list":["post-9483","post","type-post","status-publish","format-standard","hentry","category-fahrrad","category-verkehr"],"share_on_mastodon":{"url":"","error":""},"_links":{"self":[{"href":"https:\/\/www.andreas-edler.de\/blog\/wp-json\/wp\/v2\/posts\/9483","targetHints":{"allow":["GET"]}}],"collection":[{"href":"https:\/\/www.andreas-edler.de\/blog\/wp-json\/wp\/v2\/posts"}],"about":[{"href":"https:\/\/www.andreas-edler.de\/blog\/wp-json\/wp\/v2\/types\/post"}],"author":[{"embeddable":true,"href":"https:\/\/www.andreas-edler.de\/blog\/wp-json\/wp\/v2\/users\/1"}],"replies":[{"embeddable":true,"href":"https:\/\/www.andreas-edler.de\/blog\/wp-json\/wp\/v2\/comments?post=9483"}],"version-history":[{"count":0,"href":"https:\/\/www.andreas-edler.de\/blog\/wp-json\/wp\/v2\/posts\/9483\/revisions"}],"wp:attachment":[{"href":"https:\/\/www.andreas-edler.de\/blog\/wp-json\/wp\/v2\/media?parent=9483"}],"wp:term":[{"taxonomy":"category","embeddable":true,"href":"https:\/\/www.andreas-edler.de\/blog\/wp-json\/wp\/v2\/categories?post=9483"},{"taxonomy":"post_tag","embeddable":true,"href":"https:\/\/www.andreas-edler.de\/blog\/wp-json\/wp\/v2\/tags?post=9483"}],"curies":[{"name":"wp","href":"https:\/\/api.w.org\/{rel}","templated":true}]}}