{"id":9429,"date":"2011-03-24T19:16:11","date_gmt":"2011-03-24T18:16:11","guid":{"rendered":"http:\/\/www.andreas-edler.de\/blog\/?p=9429"},"modified":"2011-03-24T19:16:11","modified_gmt":"2011-03-24T18:16:11","slug":"aqua-magica-riesenrad","status":"publish","type":"post","link":"https:\/\/www.andreas-edler.de\/blog\/2011\/03\/aqua-magica-riesenrad\/","title":{"rendered":"Aqua-Magica Riesenrad"},"content":{"rendered":"<p>Theo Rosenzweig hat mal wieder das gr\u00f6\u00dfte transportable Riesenrad der Welt auf dem Aqua-Magica-Gel\u00e4nde aufgebaut. <\/p>\n<p style=\"text-align:center;font-size: smaller;\"><img decoding=\"async\" src=\"http:\/\/www.andreas-edler.de\/grafik\/blog_2011\/20110324_rosenzweig.jpg\" width=\"470\" border=\"0\" alt=\"\" title=\"\"><\/p>\n<p> Werden wir am Wochenende mit dem Fahrrad wohl mal vorbei fahren m\u00fcssen und aus der N\u00e4he gucken. Die Beleuchtung sieht jedenfalls ganz schick aus!<\/p>\n","protected":false},"excerpt":{"rendered":"<p>Theo Rosenzweig hat mal wieder das gr\u00f6\u00dfte transportable Riesenrad der Welt auf dem Aqua-Magica-Gel\u00e4nde aufgebaut. Werden wir am Wochenende mit dem Fahrrad wohl mal vorbei fahren m\u00fcssen und aus der N\u00e4he gucken. Die Beleuchtung sieht jedenfalls ganz schick aus!<\/p>\n","protected":false},"author":1,"featured_media":0,"comment_status":"open","ping_status":"open","sticky":false,"template":"","format":"standard","meta":{"ngg_post_thumbnail":0,"activitypub_content_warning":"","activitypub_content_visibility":"","activitypub_max_image_attachments":2,"activitypub_interaction_policy_quote":"anyone","activitypub_status":"","footnotes":""},"categories":[14],"tags":[4,8],"class_list":["post-9429","post","type-post","status-publish","format-standard","hentry","category-bad-oeynhausen","tag-foto","tag-klottenkram"],"share_on_mastodon":{"url":"","error":""},"_links":{"self":[{"href":"https:\/\/www.andreas-edler.de\/blog\/wp-json\/wp\/v2\/posts\/9429","targetHints":{"allow":["GET"]}}],"collection":[{"href":"https:\/\/www.andreas-edler.de\/blog\/wp-json\/wp\/v2\/posts"}],"about":[{"href":"https:\/\/www.andreas-edler.de\/blog\/wp-json\/wp\/v2\/types\/post"}],"author":[{"embeddable":true,"href":"https:\/\/www.andreas-edler.de\/blog\/wp-json\/wp\/v2\/users\/1"}],"replies":[{"embeddable":true,"href":"https:\/\/www.andreas-edler.de\/blog\/wp-json\/wp\/v2\/comments?post=9429"}],"version-history":[{"count":0,"href":"https:\/\/www.andreas-edler.de\/blog\/wp-json\/wp\/v2\/posts\/9429\/revisions"}],"wp:attachment":[{"href":"https:\/\/www.andreas-edler.de\/blog\/wp-json\/wp\/v2\/media?parent=9429"}],"wp:term":[{"taxonomy":"category","embeddable":true,"href":"https:\/\/www.andreas-edler.de\/blog\/wp-json\/wp\/v2\/categories?post=9429"},{"taxonomy":"post_tag","embeddable":true,"href":"https:\/\/www.andreas-edler.de\/blog\/wp-json\/wp\/v2\/tags?post=9429"}],"curies":[{"name":"wp","href":"https:\/\/api.w.org\/{rel}","templated":true}]}}