{"id":9394,"date":"2011-03-15T21:40:55","date_gmt":"2011-03-15T20:40:55","guid":{"rendered":"http:\/\/www.andreas-edler.de\/blog\/?p=9394"},"modified":"2011-03-15T21:40:55","modified_gmt":"2011-03-15T20:40:55","slug":"kette-gerissen","status":"publish","type":"post","link":"https:\/\/www.andreas-edler.de\/blog\/2011\/03\/kette-gerissen\/","title":{"rendered":"Kette gerissen"},"content":{"rendered":"<p>Im Rathaus war heute Sitzung, die recht zeitig vorbei war. Auf dem Nachhauseweg habe ich dann ordentlich in die Pedalen getreten, damit ich den kleinen Jungen noch im wachen Zustand zu Gesicht bekomme. Dabei festgestellt, dass ich entweder zu schwer oder zu stark oder beides in Kombination bin ;-) <\/p>\n<p style=\"text-align:center;font-size: smaller;\"><img decoding=\"async\" src=\"http:\/\/www.andreas-edler.de\/grafik\/blog_2011\/20110315_kette_1.jpg\" width=\"470\" border=\"0\" alt=\"\" title=\"\"><\/p>\n<p> Als ich den kleinen H\u00fcgel in Eidinghausen hinauf radelte &#8230; und ich war h\u00f6chstens 30 km\/h schnell &#8230; ist mir v\u00f6llig unvermittelt die Kette gerissen. Das hatte ich so auch noch nicht! Die hat nach dem Winter zwar schon ein bisschen geklackert und die Schaltvorg\u00e4nge begannen etwas unsauber zu werden. Und &#8222;ja&#8220;, da ist viel zu viel \u00d6l drauf, aber gleich abreissen?<\/p>\n<p>Naja, ich habe nat\u00fcrlich ein paar Ersatzketten im Keller. Also exakt ein Paar. Schnell die alten Drau\u00dfen-Klamotten an und in den Ger\u00e4teschuppen. <\/p>\n<p style=\"text-align:center;font-size: smaller;\"><img decoding=\"async\" src=\"http:\/\/www.andreas-edler.de\/grafik\/blog_2011\/20110315_kette_2.jpg\" width=\"470\" border=\"0\" alt=\"\" title=\"\"><\/p>\n<p> So &#8217;ne Kette drauf werfen, k\u00fcrzen und festzurren ist aber nun auch keine Hexerei. 10 Minuten sp\u00e4ter war schon alles wieder in Ordnung. Ich wollte die eh tauschen, aber eigentlich erst beim Fr\u00fchlingsputz. Schad&#8216; nix.<\/p>\n","protected":false},"excerpt":{"rendered":"<p>Im Rathaus war heute Sitzung, die recht zeitig vorbei war. Auf dem Nachhauseweg habe ich dann ordentlich in die Pedalen getreten, damit ich den kleinen Jungen noch im wachen Zustand zu Gesicht bekomme. Dabei festgestellt, dass ich entweder zu schwer &hellip;<\/p>\n<p class=\"read-more\"> <a class=\"more-link\" href=\"https:\/\/www.andreas-edler.de\/blog\/2011\/03\/kette-gerissen\/\"> <span class=\"screen-reader-text\">Kette gerissen<\/span> Weiterlesen &raquo;<\/a><\/p>\n","protected":false},"author":1,"featured_media":0,"comment_status":"open","ping_status":"open","sticky":false,"template":"","format":"standard","meta":{"ngg_post_thumbnail":0,"activitypub_content_warning":"","activitypub_content_visibility":"","activitypub_max_image_attachments":2,"activitypub_interaction_policy_quote":"anyone","activitypub_status":"","footnotes":""},"categories":[22,15],"tags":[],"class_list":["post-9394","post","type-post","status-publish","format-standard","hentry","category-basteln","category-fahrrad"],"share_on_mastodon":{"url":"","error":""},"_links":{"self":[{"href":"https:\/\/www.andreas-edler.de\/blog\/wp-json\/wp\/v2\/posts\/9394","targetHints":{"allow":["GET"]}}],"collection":[{"href":"https:\/\/www.andreas-edler.de\/blog\/wp-json\/wp\/v2\/posts"}],"about":[{"href":"https:\/\/www.andreas-edler.de\/blog\/wp-json\/wp\/v2\/types\/post"}],"author":[{"embeddable":true,"href":"https:\/\/www.andreas-edler.de\/blog\/wp-json\/wp\/v2\/users\/1"}],"replies":[{"embeddable":true,"href":"https:\/\/www.andreas-edler.de\/blog\/wp-json\/wp\/v2\/comments?post=9394"}],"version-history":[{"count":0,"href":"https:\/\/www.andreas-edler.de\/blog\/wp-json\/wp\/v2\/posts\/9394\/revisions"}],"wp:attachment":[{"href":"https:\/\/www.andreas-edler.de\/blog\/wp-json\/wp\/v2\/media?parent=9394"}],"wp:term":[{"taxonomy":"category","embeddable":true,"href":"https:\/\/www.andreas-edler.de\/blog\/wp-json\/wp\/v2\/categories?post=9394"},{"taxonomy":"post_tag","embeddable":true,"href":"https:\/\/www.andreas-edler.de\/blog\/wp-json\/wp\/v2\/tags?post=9394"}],"curies":[{"name":"wp","href":"https:\/\/api.w.org\/{rel}","templated":true}]}}