{"id":9371,"date":"2011-03-10T19:20:28","date_gmt":"2011-03-10T18:20:28","guid":{"rendered":"http:\/\/www.andreas-edler.de\/blog\/?p=9371"},"modified":"2011-03-10T19:20:28","modified_gmt":"2011-03-10T18:20:28","slug":"falscher-radweg","status":"publish","type":"post","link":"https:\/\/www.andreas-edler.de\/blog\/2011\/03\/falscher-radweg\/","title":{"rendered":"Falscher Radweg"},"content":{"rendered":"<p>Gebetsm\u00fchlenartig wiederhole ich mich: die allerwenigsten Verkehrsteilnehmer kennen den Unterschied zwischen einem benutzungspflichtigem Radweg und &#8222;etwas anderem&#8220;. Noch weniger kann man oft erkennen, ob man nicht gerade doch den zu kreuzenden Weg in der eigentlich verkehrten Richtung benutzen muss oder darf. <cite>Polizei NRW: <b><a href=\"http:\/\/www.polizei.nrw.de\/presse\/portal\/herford\/110310-110841-21-924\/unfall-mit-13-jaehriger-schuelerin\">Unfall mit 13 \u2013j\u00e4hriger Sch\u00fclerin<\/a><\/b><br \/>\n&#8230; kam es beim Einfahren von einem Tankstellengel\u00e4nde an der K\u00f6nigstr. zwischen einem 42 \u2013j\u00e4hrigen L\u00f6hner Skodafahrer und einer 13 \u2013j\u00e4hrigen Radfahrerin zu einem Verkehrsunfall. Der L\u00f6hner hatte nur den Verkehr des naheliegenden Fahrstreifens beobachtet und erst im letzten Augenblick die ihm verbotener Weise entgegen kommende Sch\u00fclerin gesehen &#8230;<\/cite> Es gibt genug Gelegenheiten, wo man eben doch die verkehrte Richtung benutzen muss (z.B. an der Bergkirchener Stra\u00dfe) oder darf (z.B. an der K\u00f6nigstra\u00dfe). <cite>&#8230; Die Polizei wei\u00dft insbesondere Eltern nochmals darauf hin, ihre Kinder dazu anzuhalten, bei zwei vorhandenen Radwegen den f\u00fcr die Fahrtrichtung rechten zu verwenden &#8230;<\/cite> Die Polizei wei\u00df vielleicht einiges, aber sie weist in diesem Fall auf etwas hin, was in der Endg\u00fcltigkeit in der es dort oben steht, nicht richtig ist. Was ist z.B. an der Mindener Stra\u00dfe in H\u00f6he von Kentucky Fried Chicken. Dort ist rechts und links ein kombinierter Geh- bzw. Radweg und das Zeichen f\u00fcr die Benutzungspflicht steht auf der falschen Seite. Was nun? <\/p>\n<p style=\"text-align:center;font-size: smaller;\"><img decoding=\"async\" src=\"http:\/\/www.andreas-edler.de\/grafik\/blog\/radwege_bo\/20061022_mindener_ehem_kfc.jpg\" width=\"470\" border=\"0\" alt=\"\" title=\"\"><\/p>\n<p> Wenn dann jemand mit dem Auto zum Sielbad abbiegen m\u00f6chte oder 100 Meter weiter ausf\u00e4hrt, hat er eine wie in der Unfallmeldung beschriebene Situation &#8211; nur dass das M\u00e4dchen dort korrekt unterwegs gewesen w\u00e4re. Nix mit rechter Seite!<\/p>\n<p>F\u00fcr Autofahrer ist es einfach: sie fahren auf der Fahrbahn. \u00dcberall, Punkt.<br \/>\nRadfahrer m\u00fcssen manchmal links, manchmal rechts, manchmal auf Schutzstreifen, manchmal neben der Fahrbahn oder auf dem Gehweg, manchmal m\u00fcssen sie, manchmal d\u00fcrfen sie auf der Fahrbahn, aber gleichzeitig auch in der falschen Richtung auf dem Gehweg fahren.<\/p>\n<p>Wie soll das alles ber\u00fccksichtigt werden, wenn selbst die Polizei Ratschl\u00e4ge gibt, die nicht \u00fcberall zutreffen? Ganz einfach: weg mit den Benutzungspflichten! (Nicht gerade an der Mindener Stra\u00dfe) Und dann die Autofahrer endlich mal darauf hinweisen, wo Fahrr\u00e4der laut Stra\u00dfenverkehrsordnung hingeh\u00f6ren.<\/p>\n<p>An der Weserstra\u00dfe wird auch gerade wieder so ein einseitiger Weg geplant. Allerdings kann der meinem Daf\u00fcrhalten nach nicht benutzungspflichtig werden. Darauf sollte jetzt schon hingewiesen werden! Passiert aber nicht. Lieber solche Meldungen wie oben bringen &#8230; :-\/<\/p>\n<p>via: <a href=\"http:\/\/twitter.com\/oeyni\/status\/45858679731404800\">oeyni@twitter<\/a><\/p>\n","protected":false},"excerpt":{"rendered":"<p>Gebetsm\u00fchlenartig wiederhole ich mich: die allerwenigsten Verkehrsteilnehmer kennen den Unterschied zwischen einem benutzungspflichtigem Radweg und &#8222;etwas anderem&#8220;. Noch weniger kann man oft erkennen, ob man nicht gerade doch den zu kreuzenden Weg in der eigentlich verkehrten Richtung benutzen muss oder &hellip;<\/p>\n<p class=\"read-more\"> <a class=\"more-link\" href=\"https:\/\/www.andreas-edler.de\/blog\/2011\/03\/falscher-radweg\/\"> <span class=\"screen-reader-text\">Falscher Radweg<\/span> Weiterlesen &raquo;<\/a><\/p>\n","protected":false},"author":1,"featured_media":0,"comment_status":"open","ping_status":"open","sticky":false,"template":"","format":"standard","meta":{"ngg_post_thumbnail":0,"activitypub_content_warning":"","activitypub_content_visibility":"","activitypub_max_image_attachments":2,"activitypub_interaction_policy_quote":"anyone","activitypub_status":"","footnotes":""},"categories":[15,13],"tags":[59,71],"class_list":["post-9371","post","type-post","status-publish","format-standard","hentry","category-fahrrad","category-verkehr","tag-presse","tag-regeln"],"share_on_mastodon":{"url":"","error":""},"_links":{"self":[{"href":"https:\/\/www.andreas-edler.de\/blog\/wp-json\/wp\/v2\/posts\/9371","targetHints":{"allow":["GET"]}}],"collection":[{"href":"https:\/\/www.andreas-edler.de\/blog\/wp-json\/wp\/v2\/posts"}],"about":[{"href":"https:\/\/www.andreas-edler.de\/blog\/wp-json\/wp\/v2\/types\/post"}],"author":[{"embeddable":true,"href":"https:\/\/www.andreas-edler.de\/blog\/wp-json\/wp\/v2\/users\/1"}],"replies":[{"embeddable":true,"href":"https:\/\/www.andreas-edler.de\/blog\/wp-json\/wp\/v2\/comments?post=9371"}],"version-history":[{"count":0,"href":"https:\/\/www.andreas-edler.de\/blog\/wp-json\/wp\/v2\/posts\/9371\/revisions"}],"wp:attachment":[{"href":"https:\/\/www.andreas-edler.de\/blog\/wp-json\/wp\/v2\/media?parent=9371"}],"wp:term":[{"taxonomy":"category","embeddable":true,"href":"https:\/\/www.andreas-edler.de\/blog\/wp-json\/wp\/v2\/categories?post=9371"},{"taxonomy":"post_tag","embeddable":true,"href":"https:\/\/www.andreas-edler.de\/blog\/wp-json\/wp\/v2\/tags?post=9371"}],"curies":[{"name":"wp","href":"https:\/\/api.w.org\/{rel}","templated":true}]}}