{"id":9358,"date":"2011-03-06T21:44:18","date_gmt":"2011-03-06T20:44:18","guid":{"rendered":"http:\/\/www.andreas-edler.de\/blog\/?p=9358"},"modified":"2011-03-06T21:44:18","modified_gmt":"2011-03-06T20:44:18","slug":"frische-luft-schnappen-2","status":"publish","type":"post","link":"https:\/\/www.andreas-edler.de\/blog\/2011\/03\/frische-luft-schnappen-2\/","title":{"rendered":"Frische Luft schnappen"},"content":{"rendered":"<p>Freitag im B\u00fcro ging&#8217;s mir schon beschissen und auf Twitter habe ich bereits genug rumgejammert. Aber tats\u00e4chlich habe ich den Samstag fast komplett im Bett verbracht, weil ich mich nicht r\u00fchren konnte. Kopfschmerzen, Nase zu, steifer Hals. Das ganze Programm, echt klasse. Und nat\u00fcrlich strahlender Sonnenschein drau\u00dfen &#8211; zumindest vormittags. Heute morgen war die Nase etwas besser, der Kopf auch, nur drehen klappte nicht. Reichlich Finalgon hat aber Linderung verschafft. <\/p>\n<p style=\"text-align:center;font-size: smaller;\"><img decoding=\"async\" src=\"http:\/\/www.andreas-edler.de\/grafik\/blog_2011\/20110306_theater_im_park.jpg\" width=\"470\" border=\"0\" alt=\"\" title=\"\"><\/p>\n<p> Heute war&#8217;s aber einfach zu sonnig um im Haus zu bleiben. Wir haben uns dick eingemummelt und sind f\u00fcr ein St\u00fcndchen in den Kurpark gefahren. Es bl\u00fcht dort zwar noch nichts, aber in der Sonne sieht trotzdem alles schon sch\u00f6n aus. Haben sich wohl auch die Massen der anderen Besucher gedacht. War ziemlich voll.<\/p>\n<p>Die frische Luft war jedenfalls sehr angenehm. Und der Nachwuchs hat sein erstes Eis von der Eisdiele in diesem Jahr bekommen :-)<\/p>\n","protected":false},"excerpt":{"rendered":"<p>Freitag im B\u00fcro ging&#8217;s mir schon beschissen und auf Twitter habe ich bereits genug rumgejammert. Aber tats\u00e4chlich habe ich den Samstag fast komplett im Bett verbracht, weil ich mich nicht r\u00fchren konnte. Kopfschmerzen, Nase zu, steifer Hals. Das ganze Programm, &hellip;<\/p>\n<p class=\"read-more\"> <a class=\"more-link\" href=\"https:\/\/www.andreas-edler.de\/blog\/2011\/03\/frische-luft-schnappen-2\/\"> <span class=\"screen-reader-text\">Frische Luft schnappen<\/span> Weiterlesen &raquo;<\/a><\/p>\n","protected":false},"author":1,"featured_media":0,"comment_status":"open","ping_status":"open","sticky":false,"template":"","format":"standard","meta":{"ngg_post_thumbnail":0,"activitypub_content_warning":"","activitypub_content_visibility":"","activitypub_max_image_attachments":2,"activitypub_interaction_policy_quote":"anyone","activitypub_status":"","footnotes":""},"categories":[14],"tags":[17],"class_list":["post-9358","post","type-post","status-publish","format-standard","hentry","category-bad-oeynhausen","tag-auf-der-piste"],"share_on_mastodon":{"url":"","error":""},"_links":{"self":[{"href":"https:\/\/www.andreas-edler.de\/blog\/wp-json\/wp\/v2\/posts\/9358","targetHints":{"allow":["GET"]}}],"collection":[{"href":"https:\/\/www.andreas-edler.de\/blog\/wp-json\/wp\/v2\/posts"}],"about":[{"href":"https:\/\/www.andreas-edler.de\/blog\/wp-json\/wp\/v2\/types\/post"}],"author":[{"embeddable":true,"href":"https:\/\/www.andreas-edler.de\/blog\/wp-json\/wp\/v2\/users\/1"}],"replies":[{"embeddable":true,"href":"https:\/\/www.andreas-edler.de\/blog\/wp-json\/wp\/v2\/comments?post=9358"}],"version-history":[{"count":0,"href":"https:\/\/www.andreas-edler.de\/blog\/wp-json\/wp\/v2\/posts\/9358\/revisions"}],"wp:attachment":[{"href":"https:\/\/www.andreas-edler.de\/blog\/wp-json\/wp\/v2\/media?parent=9358"}],"wp:term":[{"taxonomy":"category","embeddable":true,"href":"https:\/\/www.andreas-edler.de\/blog\/wp-json\/wp\/v2\/categories?post=9358"},{"taxonomy":"post_tag","embeddable":true,"href":"https:\/\/www.andreas-edler.de\/blog\/wp-json\/wp\/v2\/tags?post=9358"}],"curies":[{"name":"wp","href":"https:\/\/api.w.org\/{rel}","templated":true}]}}