{"id":9329,"date":"2011-03-04T04:42:47","date_gmt":"2011-03-04T03:42:47","guid":{"rendered":"http:\/\/www.andreas-edler.de\/blog\/?p=9329"},"modified":"2013-11-02T14:50:14","modified_gmt":"2013-11-02T13:50:14","slug":"cebit-2011","status":"publish","type":"post","link":"https:\/\/www.andreas-edler.de\/blog\/2011\/03\/cebit-2011\/","title":{"rendered":"CeBIT 2011"},"content":{"rendered":"<p>Wie jedes Jahr habe ich auch im letzten Jahr gesagt, dass die CeBIT im Wesentlichen langweililg war, ich nichts Neues gesehen habe und man sich den Besuch eigentlich h\u00e4tte schenken sollen. Folgerichtig bin ich dieses Jahr also wieder hingefahren! <\/p>\n<p style=\"text-align:center;font-size: smaller;\"><img decoding=\"async\" src=\"http:\/\/www.andreas-edler.de\/grafik\/blog_2011\/20110301_cebit_1.jpg\" width=\"470\" border=\"0\" alt=\"\" title=\"\"><\/p>\n<p> Um 7 Uhr sa\u00df ich am Dienstag also im Auto und war auf der Stra\u00dfe, die sich mit zunehmender geographischer N\u00e4he zu Hannover auch immer mehr f\u00fcllte. Kurz vor &#8222;meiner&#8220; Abfahrt zum Messeschnellweg habe ich mich aber bl\u00f6derweise von der Ausschilderung blenden lassen und bin von der Autobahn abgefahren. <!--more--> Das f\u00fchrte dazu, dass ich nicht wie gewohnt auf dem Parkplatz Ost landete, sondern auf West 1 parkte. Ganz doof! Wenn ich eins nicht leiden kann, dann wenn etwas nicht so l\u00e4uft, wie ich es gewohnt bin. <\/p>\n<p>Ich bin also in Halle 13 angefangen, statt in 2 wie sonst. Naja, dann eben zuerst der Job. Allerdings habe ich weder unser Rechenzentrum, noch andere Zulieferer gefunden. Auch Kollegen die am Folgetag da waren, hatten kein Gl\u00fcck und daher scheinen die wirklich nicht vor Ort gewesen zu sein. In den Hallen war es insgesamt deutlich ruhiger, als ich es dem Verkehr nach erwartet habe. Vielfach wurden die St\u00e4nde noch aufgebaut oder waren gar unbesetzt. <\/p>\n<p style=\"text-align:center;font-size: smaller;\"><img decoding=\"async\" src=\"http:\/\/www.andreas-edler.de\/grafik\/blog_2011\/20110301_cebit_1_eeepc_slider.jpg\" width=\"470\" border=\"0\" alt=\"\" title=\"\"><\/p>\n<p> Auch wirklich bahnbrechende Sachen konnte ich &#8211; wie erwartet &#8211; nicht entdecken. Ein Tablet mit Android ist ein Tablet mit Android. Doll! Lediglich bei Asus hat mich das Eee Pad Slider beeindruckt, dessen aufschiebbare Tastatur so ein Ding auch f\u00fcr mich interessant werden l\u00e4sst. Auch der genannte Preis von voraussichtlich 400$ und der Erscheinungstermin so in ca. 3-4 Wochen haben mich mit den Hufen scharren lassen. <\/p>\n<p style=\"text-align:center;font-size: smaller;\"><img decoding=\"async\" src=\"http:\/\/www.andreas-edler.de\/grafik\/blog_2011\/20110301_cebit_3_nintendo_3ds.jpg\" width=\"470\" border=\"0\" alt=\"\" title=\"\"><\/p>\n<p> Weniger begeistert war ich von den 3D-Geschichten. Bei Nintendo (\u00e4u\u00dferst kleiner Stand!) habe ich mit der neuen 3Ds-Konsole gespielt und nach einigem Einstellen hatte ich tats\u00e4chlich einen 3D-Effekt! Der allerdings nur so lange anhielt, wie ich das Ger\u00e4t in einem sehr eng bemessenen Blickwinkel vor&#8217;s Gesicht hielt. Ein bisschen aus der Idealposition und weg war 3D. Dann wurde es sogar st\u00f6rend. Noch dazu ist das spiegelnde Display kontraproduktiv. Kurz: ich fand die Konsole Schei\u00dfe. Und genau das war ein Kommentar den ich von 2 weiteren Besuchern vernahm. <\/p>\n<p>Das betrifft im \u00fcbrigen auch die vielfach pr\u00e4sentierten 3D-Fernseher, die ohne Brille funktionierten. Nur in einem ganz bestimmten Blickwinkel stellte sich der stereoskopische Effekt ein. Und dann auch nur schwierig und mit St\u00f6rungen. Nene, damit kann man mich nicht hinter&#8217;m Ofen vor locken! <\/p>\n<p style=\"text-align:center;font-size: smaller;\"><img decoding=\"async\" src=\"http:\/\/www.andreas-edler.de\/grafik\/blog_2011\/20110301_cebit_4_gdata.jpg\" width=\"470\" border=\"0\" alt=\"\" title=\"\"><\/p>\n<p> Dann habe ich mir noch den ein oder anderen Vortrag angeh\u00f6rt. Unter anderem den des Leiters der G DATA Security Labs zu Homebanking-Sicherheit und Trojanern, welche er zusammen mit den beiden Jungs vom WDR-Computerclub hielt. Sehr erstaunt war ich, dass Herr Benzm\u00fcller fast wortgleich den Vortrag hielt, den ich immer unseren Praktikanten vortrage. Da liege ich dann wohl nicht ganz so falsch :-) <\/p>\n<p style=\"text-align:center;font-size: smaller;\"><img decoding=\"async\" src=\"http:\/\/www.andreas-edler.de\/grafik\/blog_2011\/20110301_cebit_5_beyond.jpg\" width=\"470\" border=\"0\" alt=\"\" title=\"\"><\/p>\n<p> Ansonsten hielt sich das Eye-Candy ziemlich im Hintergrund. Die Messe schien mir sachlicher und ruhiger und Messe-Luder konnte ich nur bei XFC und Thermaltake entdecken. Und da bin ich ja zu gschamig, um mit der Kamera drauf zu halten. Die Begleitung im letzten Jahr hatte da deutlich weniger Hemmungen ;-) Darum hier keine Bilder von M\u00e4dels in Fick-Mich-Stiefeln und Hotpants, sondern nur die nackten Beine eines Roboterkollegen. <\/p>\n<p style=\"text-align:center;font-size: smaller;\"><img decoding=\"async\" src=\"http:\/\/www.andreas-edler.de\/grafik\/blog_2011\/20110301_cebit_6_robot.jpg\" width=\"470\" border=\"0\" alt=\"\" title=\"\"><\/p>\n<p> Ich bin zweimal die ganze Runde gegangen, habe mir noch einen Vortrag von Klaus Knopper zu seinem Knoppix angegh\u00f6rt und mich zu einem Panel \u00fcber Social-Marketing und Vertrieb gelauscht, bevor ich dann mit platten F\u00fc\u00dfen und Schmerzen in der H\u00fcfte den R\u00fcckweg angetreten habe. Auf eben diesem habe ich noch zweimal scharf \u00fcberlegt, ob mir das 2-Hefte-Abo der Com! bzw. Computer-Bild eine kostenloses Vodafone-Prepaid-Handy wert ist und mich dagegen entschieden. Was soll ich mit so einem M\u00fcll? Es wurde den Leuten allerdings aus den H\u00e4nden gerissen. <\/p>\n<p style=\"text-align:center;font-size: smaller;\"><img decoding=\"async\" src=\"http:\/\/www.andreas-edler.de\/grafik\/blog_2011\/20110301_cebit_7_rueckfahrt.jpg\" width=\"470\" border=\"0\" alt=\"\" title=\"\"><\/p>\n<p> Und dann sa\u00df ich auch schon wieder im Auto und befand mich auf der Bahn, wo es galt den Krieg zwischen Lastwagen, Bussen und Kleintransportern zu \u00fcberleben. Hat aber alles geklappt und ich bin danach bei bestem Wetter sogar noch <a href=\"http:\/\/www.andreas-edler.de\/blog\/2011\/03\/feierabendrunde-31\/\">eine Runde mit dem Rad<\/a> gefahren.<\/p>\n","protected":false},"excerpt":{"rendered":"<p>Wie jedes Jahr habe ich auch im letzten Jahr gesagt, dass die CeBIT im Wesentlichen langweililg war, ich nichts Neues gesehen habe und man sich den Besuch eigentlich h\u00e4tte schenken sollen. Folgerichtig bin ich dieses Jahr also wieder hingefahren! Um &hellip;<\/p>\n<p class=\"read-more\"> <a class=\"more-link\" href=\"https:\/\/www.andreas-edler.de\/blog\/2011\/03\/cebit-2011\/\"> <span class=\"screen-reader-text\">CeBIT 2011<\/span> Weiterlesen &raquo;<\/a><\/p>\n","protected":false},"author":1,"featured_media":0,"comment_status":"open","ping_status":"open","sticky":false,"template":"","format":"standard","meta":{"ngg_post_thumbnail":0,"activitypub_content_warning":"","activitypub_content_visibility":"","activitypub_max_image_attachments":2,"activitypub_interaction_policy_quote":"anyone","activitypub_status":"","footnotes":""},"categories":[1],"tags":[17,25,24],"class_list":["post-9329","post","type-post","status-publish","format-standard","hentry","category-allgemein","tag-auf-der-piste","tag-cebit","tag-computer"],"share_on_mastodon":{"url":"","error":""},"_links":{"self":[{"href":"https:\/\/www.andreas-edler.de\/blog\/wp-json\/wp\/v2\/posts\/9329","targetHints":{"allow":["GET"]}}],"collection":[{"href":"https:\/\/www.andreas-edler.de\/blog\/wp-json\/wp\/v2\/posts"}],"about":[{"href":"https:\/\/www.andreas-edler.de\/blog\/wp-json\/wp\/v2\/types\/post"}],"author":[{"embeddable":true,"href":"https:\/\/www.andreas-edler.de\/blog\/wp-json\/wp\/v2\/users\/1"}],"replies":[{"embeddable":true,"href":"https:\/\/www.andreas-edler.de\/blog\/wp-json\/wp\/v2\/comments?post=9329"}],"version-history":[{"count":0,"href":"https:\/\/www.andreas-edler.de\/blog\/wp-json\/wp\/v2\/posts\/9329\/revisions"}],"wp:attachment":[{"href":"https:\/\/www.andreas-edler.de\/blog\/wp-json\/wp\/v2\/media?parent=9329"}],"wp:term":[{"taxonomy":"category","embeddable":true,"href":"https:\/\/www.andreas-edler.de\/blog\/wp-json\/wp\/v2\/categories?post=9329"},{"taxonomy":"post_tag","embeddable":true,"href":"https:\/\/www.andreas-edler.de\/blog\/wp-json\/wp\/v2\/tags?post=9329"}],"curies":[{"name":"wp","href":"https:\/\/api.w.org\/{rel}","templated":true}]}}