{"id":9251,"date":"2011-02-17T23:07:31","date_gmt":"2011-02-17T22:07:31","guid":{"rendered":"http:\/\/www.andreas-edler.de\/blog\/?p=9251"},"modified":"2013-11-02T14:50:14","modified_gmt":"2013-11-02T13:50:14","slug":"sony-ericsson-xperia-pro","status":"publish","type":"post","link":"https:\/\/www.andreas-edler.de\/blog\/2011\/02\/sony-ericsson-xperia-pro\/","title":{"rendered":"Sony Ericsson Xperia Pro"},"content":{"rendered":"<p>Wenn es nur nicht so gro\u00df w\u00e4re! Das <a href=\"http:\/\/www.sonyericsson.com\/cws\/products\/mobilephones\/overview\/xperia-pro?cc=de&#038;lc=de#view=features_specifications\">Xperia Pro<\/a> gef\u00e4llt mir ansonsten ganz, ganz ausgezeichnet! Hat alles was das X10 mini pro auch hat, nur mit einer gr\u00f6\u00dferen Tastatur, einem besseren Display und einer neueren Android Version. Und der Preis ist gerade noch so ertr\u00e4glich. Es kribbelt schon wieder &#8230;<\/p>\n","protected":false},"excerpt":{"rendered":"<p>Wenn es nur nicht so gro\u00df w\u00e4re! Das Xperia Pro gef\u00e4llt mir ansonsten ganz, ganz ausgezeichnet! Hat alles was das X10 mini pro auch hat, nur mit einer gr\u00f6\u00dferen Tastatur, einem besseren Display und einer neueren Android Version. Und der &hellip;<\/p>\n<p class=\"read-more\"> <a class=\"more-link\" href=\"https:\/\/www.andreas-edler.de\/blog\/2011\/02\/sony-ericsson-xperia-pro\/\"> <span class=\"screen-reader-text\">Sony Ericsson Xperia Pro<\/span> Weiterlesen &raquo;<\/a><\/p>\n","protected":false},"author":1,"featured_media":0,"comment_status":"open","ping_status":"open","sticky":false,"template":"","format":"standard","meta":{"ngg_post_thumbnail":0,"activitypub_content_warning":"","activitypub_content_visibility":"","activitypub_max_image_attachments":2,"activitypub_interaction_policy_quote":"anyone","activitypub_status":"","footnotes":""},"categories":[1],"tags":[54,64],"class_list":["post-9251","post","type-post","status-publish","format-standard","hentry","category-allgemein","tag-handy","tag-konsum"],"share_on_mastodon":{"url":"","error":""},"_links":{"self":[{"href":"https:\/\/www.andreas-edler.de\/blog\/wp-json\/wp\/v2\/posts\/9251","targetHints":{"allow":["GET"]}}],"collection":[{"href":"https:\/\/www.andreas-edler.de\/blog\/wp-json\/wp\/v2\/posts"}],"about":[{"href":"https:\/\/www.andreas-edler.de\/blog\/wp-json\/wp\/v2\/types\/post"}],"author":[{"embeddable":true,"href":"https:\/\/www.andreas-edler.de\/blog\/wp-json\/wp\/v2\/users\/1"}],"replies":[{"embeddable":true,"href":"https:\/\/www.andreas-edler.de\/blog\/wp-json\/wp\/v2\/comments?post=9251"}],"version-history":[{"count":0,"href":"https:\/\/www.andreas-edler.de\/blog\/wp-json\/wp\/v2\/posts\/9251\/revisions"}],"wp:attachment":[{"href":"https:\/\/www.andreas-edler.de\/blog\/wp-json\/wp\/v2\/media?parent=9251"}],"wp:term":[{"taxonomy":"category","embeddable":true,"href":"https:\/\/www.andreas-edler.de\/blog\/wp-json\/wp\/v2\/categories?post=9251"},{"taxonomy":"post_tag","embeddable":true,"href":"https:\/\/www.andreas-edler.de\/blog\/wp-json\/wp\/v2\/tags?post=9251"}],"curies":[{"name":"wp","href":"https:\/\/api.w.org\/{rel}","templated":true}]}}