{"id":9166,"date":"2011-02-02T08:10:57","date_gmt":"2011-02-02T07:10:57","guid":{"rendered":"http:\/\/www.andreas-edler.de\/blog\/?p=9166"},"modified":"2011-02-02T23:09:56","modified_gmt":"2011-02-02T22:09:56","slug":"wer-sich-noch-nicht-mit-etwas-beschaftigt-hat","status":"publish","type":"post","link":"https:\/\/www.andreas-edler.de\/blog\/2011\/02\/wer-sich-noch-nicht-mit-etwas-beschaftigt-hat\/","title":{"rendered":"Wer sich noch nicht mit etwas besch\u00e4ftigt hat &#8230;"},"content":{"rendered":"<p>&#8230; der sollte auch mal versuchen die Finger still zu halten. Ich habe heute morgen beim Lesen der Neuen-Westf\u00e4lischen Herzklopfen bekommen, als ich die \u00dcberschrift &#8222;Fahrradfreundlichkeit kostet 520.000 Euro&#8220; \u00fcber dem Artikel von Nicole Sielermann gelesen habe. Dort werden viele, viele Bauma\u00dfnahmen unter der \u00dcberschrift &#8222;Fahrradfreundlichkeit&#8220; aufgef\u00fchrt, die der Meinung mindestens eines Mitgliedes des AK &#8222;Fahrradfreundliche Stadt&#8220; allerdings direkt nichts damit zu tun haben (um es mal vorsichtig auszudr\u00fccken) und vor allen Dingen v\u00f6llig unabh\u00e4ngig von diesem Projekt von verschiedenen Fraktionen in der Vergangenheit immer wieder in den Rat eingebracht wurden.<\/p>\n<p>Weiterhin hat Frau Sielermann ganz offensichtlich den kleinen Unterschied zwischen &#8222;Bekanntgabe&#8220; und &#8222;Beschlussvorschlag&#8220; \u00fcbersehen. Alles was sie in dem Artikel aufz\u00e4hlt sind Bekanntgaben. Somit lediglich Informationen, was bestimmte Ma\u00dfnahmen kosten w\u00fcrden. Der ganze Tagesordnungspunkt ist aber kein &#8222;Beschlussvorschlag&#8220; und somit kann der Ausschuss das gar nicht &#8222;nicht beschlie\u00dfen&#8220;, sondern nur zur Kenntnis nehmen. Genauso wie er zur Kenntnis nehmen wird und schon l\u00e4ngst getan hat, dass f\u00fcr die meisten dieser Dinge einfach kein Geld da ist.<\/p>\n<p>Dieser wirklich miese Artikel illustriert eindrucksvoll schlechte Recherche, wenig Kenntnis der Thematik und noch viel mehr die Richtung, in welche die Redaktion der NW denkt. Anstatt sich konstruktiv mit Dingen auseinander zu setzen, die Lebensqualit\u00e4t, Sicherheit und positive Signale nach au\u00dfen tragen, wird hier in allerbester Bildzeitungsmanier drauf gedroschen. Hauptsache wir haben eine fette Schlagzeile. Ich dachte immer, es soll nach vorne gehen? <\/p>\n","protected":false},"excerpt":{"rendered":"<p>&#8230; der sollte auch mal versuchen die Finger still zu halten. Ich habe heute morgen beim Lesen der Neuen-Westf\u00e4lischen Herzklopfen bekommen, als ich die \u00dcberschrift &#8222;Fahrradfreundlichkeit kostet 520.000 Euro&#8220; \u00fcber dem Artikel von Nicole Sielermann gelesen habe. Dort werden viele, &hellip;<\/p>\n<p class=\"read-more\"> <a class=\"more-link\" href=\"https:\/\/www.andreas-edler.de\/blog\/2011\/02\/wer-sich-noch-nicht-mit-etwas-beschaftigt-hat\/\"> <span class=\"screen-reader-text\">Wer sich noch nicht mit etwas besch\u00e4ftigt hat &#8230;<\/span> Weiterlesen &raquo;<\/a><\/p>\n","protected":false},"author":1,"featured_media":0,"comment_status":"open","ping_status":"open","sticky":false,"template":"","format":"standard","meta":{"ngg_post_thumbnail":0,"activitypub_content_warning":"","activitypub_content_visibility":"","activitypub_max_image_attachments":2,"activitypub_interaction_policy_quote":"anyone","activitypub_status":"","footnotes":""},"categories":[14,15,45],"tags":[59],"class_list":["post-9166","post","type-post","status-publish","format-standard","hentry","category-bad-oeynhausen","category-fahrrad","category-politik","tag-presse"],"share_on_mastodon":{"url":"","error":""},"_links":{"self":[{"href":"https:\/\/www.andreas-edler.de\/blog\/wp-json\/wp\/v2\/posts\/9166","targetHints":{"allow":["GET"]}}],"collection":[{"href":"https:\/\/www.andreas-edler.de\/blog\/wp-json\/wp\/v2\/posts"}],"about":[{"href":"https:\/\/www.andreas-edler.de\/blog\/wp-json\/wp\/v2\/types\/post"}],"author":[{"embeddable":true,"href":"https:\/\/www.andreas-edler.de\/blog\/wp-json\/wp\/v2\/users\/1"}],"replies":[{"embeddable":true,"href":"https:\/\/www.andreas-edler.de\/blog\/wp-json\/wp\/v2\/comments?post=9166"}],"version-history":[{"count":0,"href":"https:\/\/www.andreas-edler.de\/blog\/wp-json\/wp\/v2\/posts\/9166\/revisions"}],"wp:attachment":[{"href":"https:\/\/www.andreas-edler.de\/blog\/wp-json\/wp\/v2\/media?parent=9166"}],"wp:term":[{"taxonomy":"category","embeddable":true,"href":"https:\/\/www.andreas-edler.de\/blog\/wp-json\/wp\/v2\/categories?post=9166"},{"taxonomy":"post_tag","embeddable":true,"href":"https:\/\/www.andreas-edler.de\/blog\/wp-json\/wp\/v2\/tags?post=9166"}],"curies":[{"name":"wp","href":"https:\/\/api.w.org\/{rel}","templated":true}]}}