{"id":9151,"date":"2011-01-30T13:59:28","date_gmt":"2011-01-30T12:59:28","guid":{"rendered":"http:\/\/www.andreas-edler.de\/blog\/?p=9151"},"modified":"2019-06-16T09:11:59","modified_gmt":"2019-06-16T07:11:59","slug":"radfahrer-absteigen","status":"publish","type":"post","link":"https:\/\/www.andreas-edler.de\/blog\/2011\/01\/radfahrer-absteigen\/","title":{"rendered":"Radfahrer absteigen"},"content":{"rendered":"<p>Wenn man keine Ahnung vom Stra\u00dfenverkehr und von Beschilderung hat, dann sollte man auch keine Schilder aufstellen (d\u00fcrfen!). <\/p>\n<p style=\"text-align:center;font-size: smaller;\"><img decoding=\"async\" src=\"http:\/\/www.andreas-edler.de\/grafik\/blog_2011\/20110130_radfahrer_absteigen.jpg\" width=\"470\" border=\"0\" alt=\"\" title=\"\"><\/p>\n<p> Warum um alles in der Welt sollten <a href=\"http:\/\/maps.google.de\/maps?f=q&#038;source=s_q&#038;hl=de&#038;aq=t&#038;sll=51.151786,10.415039&#038;sspn=18.365724,37.045898&#038;ie=UTF8&#038;ll=52.191114,8.769171&#038;spn=0.008748,0.018089&#038;z=16\">an dieser Stelle der Koblenzer Stra\u00dfe in L\u00f6hne<\/a> <a href=\"http:\/\/bernd.sluka.de\/Radfahren\/absteigen.html\">Radfahrer absteigen<\/a>? Mal abgesehen davon, dass aus diesem Schild keine Folgen entstehen k\u00f6nnen, ist dort doch eine pr\u00e4chtige Fahrbahn vorhanden! Dass die Baustelle ein St\u00fcckchen weiter den Sicherheitsstreifen tangiert ist so egal, als ob in China ein Sack Reis umf\u00e4llt. Genauso wie Autofahrer diesen Streifen im Fall der F\u00e4lle befahren d\u00fcrfen, d\u00fcrfen nat\u00fcrlich Fahradfahrer im Fall der F\u00e4lle auf die Fahrbahn ausweichen. Auf der Koblenzer Stra\u00dfe ist dies generell geraten, da man auf dem Sicherheitsstreifen durchg\u00e4ngig im \u00d6ffnungsbereich der dort parkenden Fahrzeuge f\u00e4hrt. Da hat jemand mit wenig Sachverstand Linien auf die Fahrbahn pinseln lassen.<\/p>\n<p>Nun, derjenige welcher das Schild aufgestellt hat, war offensichtlich noch weniger im Thema.<\/p>\n","protected":false},"excerpt":{"rendered":"<p>Wenn man keine Ahnung vom Stra\u00dfenverkehr und von Beschilderung hat, dann sollte man auch keine Schilder aufstellen (d\u00fcrfen!). Warum um alles in der Welt sollten an dieser Stelle der Koblenzer Stra\u00dfe in L\u00f6hne Radfahrer absteigen? Mal abgesehen davon, dass aus &hellip;<\/p>\n<p class=\"read-more\"> <a class=\"more-link\" href=\"https:\/\/www.andreas-edler.de\/blog\/2011\/01\/radfahrer-absteigen\/\"> <span class=\"screen-reader-text\">Radfahrer absteigen<\/span> Weiterlesen &raquo;<\/a><\/p>\n","protected":false},"author":1,"featured_media":0,"comment_status":"open","ping_status":"open","sticky":false,"template":"","format":"standard","meta":{"ngg_post_thumbnail":0,"activitypub_content_warning":"","activitypub_content_visibility":"","activitypub_max_image_attachments":2,"activitypub_interaction_policy_quote":"anyone","activitypub_status":"","footnotes":""},"categories":[15,13],"tags":[110,251,421,71],"class_list":["post-9151","post","type-post","status-publish","format-standard","hentry","category-fahrrad","category-verkehr","tag-fahrradfreundliche-stadt","tag-infrastruktur","tag-koblenzer-strasse-loehne","tag-regeln"],"share_on_mastodon":{"url":"","error":""},"_links":{"self":[{"href":"https:\/\/www.andreas-edler.de\/blog\/wp-json\/wp\/v2\/posts\/9151","targetHints":{"allow":["GET"]}}],"collection":[{"href":"https:\/\/www.andreas-edler.de\/blog\/wp-json\/wp\/v2\/posts"}],"about":[{"href":"https:\/\/www.andreas-edler.de\/blog\/wp-json\/wp\/v2\/types\/post"}],"author":[{"embeddable":true,"href":"https:\/\/www.andreas-edler.de\/blog\/wp-json\/wp\/v2\/users\/1"}],"replies":[{"embeddable":true,"href":"https:\/\/www.andreas-edler.de\/blog\/wp-json\/wp\/v2\/comments?post=9151"}],"version-history":[{"count":0,"href":"https:\/\/www.andreas-edler.de\/blog\/wp-json\/wp\/v2\/posts\/9151\/revisions"}],"wp:attachment":[{"href":"https:\/\/www.andreas-edler.de\/blog\/wp-json\/wp\/v2\/media?parent=9151"}],"wp:term":[{"taxonomy":"category","embeddable":true,"href":"https:\/\/www.andreas-edler.de\/blog\/wp-json\/wp\/v2\/categories?post=9151"},{"taxonomy":"post_tag","embeddable":true,"href":"https:\/\/www.andreas-edler.de\/blog\/wp-json\/wp\/v2\/tags?post=9151"}],"curies":[{"name":"wp","href":"https:\/\/api.w.org\/{rel}","templated":true}]}}