{"id":9108,"date":"2011-01-20T19:19:48","date_gmt":"2011-01-20T18:19:48","guid":{"rendered":"http:\/\/www.andreas-edler.de\/blog\/?p=9108"},"modified":"2011-01-20T19:19:48","modified_gmt":"2011-01-20T18:19:48","slug":"rotlicht-sunder","status":"publish","type":"post","link":"https:\/\/www.andreas-edler.de\/blog\/2011\/01\/rotlicht-sunder\/","title":{"rendered":"Rotlicht-S\u00fcnder"},"content":{"rendered":"<p>Ein Meter. Das ist die Wegstrecke, die heute morgen fehlte, um mich am Schreiben dieser Zeilen zu hindern. H\u00f6rt sich dramatisch an, ist es auch. Ich hatte im B\u00fcro noch reichlich Adrenalin-\u00dcberschuss im Blut. Ich wartete an der roten Fu\u00dfg\u00e4nger\/Radfahrerampel der Eidinghausener Stra\u00dfe, um die Werster Stra\u00dfe zu \u00fcberqueren.<\/p>\n<p>Nachdem der Querverkehr rot hat, dauert es knapp 2 Sekunden, bis die Fu\u00dfg\u00e4nger\/Radfahrerampel gr\u00fcn schaltet. Neben mir wartete ein weiterer Radfahrer und einer stand auf der gegen\u00fcberliegenden Seite. Als es gr\u00fcn wurde bin ich losgefahren und war mit dem Fahrrad bereits zur H\u00e4lfte auf der Fahrbahn, als ein gro\u00dfer Kipper in voller Fahrt und ganz offensichtlich bei tiefrot die Werster Stra\u00dfe von Dehme kommend Richtung Werste entlang bretterte. Einen Meter vor meinem Vorderrad her &#8211; und das auch nur, weil ich sofort eine Vollbremsung gemacht habe. Ob der Fahrer des LKWs mit dem Kennzeichen MI &#8211; XD <span style=\"font-size: smaller;\">(unter Vorbehalt, 85% sicher, es war d\u00e4mmerig und das Nummernschild dreckig)<\/span> &#8230; sich wohl irgendwas dabei denkt, wenn er morgens um kurz vor Acht auf einem stark befahrenen Schulweg rote Ampeln missachtet?<\/p>\n<p>Im \u00fcbrigen ist mir das in dieser Woche mehrmals aufgefallen. Jeden Tag habe ich an der Ampel offensichtlich bei rot \u00fcber die Kreuzung fahrende Fahrzeuge beobachtet. Und ich stehe dort ja nur einen Bruchteil des Tages, n\u00e4mlich wenn ich auf dem Weg ins B\u00fcro oder zur\u00fcck bin. Das mag Zufall sein, in dieser Woche fiel es mir jedoch besonders auf.<\/p>\n<p>Angesichts dieses Erlebnisses heute morgen finde ich die Aussagen von Polizeiober\u00e4tin <a href=\"http:\/\/www.andreas-edler.de\/blog\/2010\/11\/das-ubliche\/\">Imke Pfeiffer im Stadtentwicklungsausschuss<\/a> fast verachtend, als sie sagte, dass die Beobachtungen der Polizei auf der Mindener Stra\u00dfe zu den Rotlichtverst\u00f6\u00dfen keine besonderen Erkenntnisse gebracht h\u00e4tten. Wenn ich das richtig verstanden habe (was ich eigentlich nicht will!), sind ein bis zwei Rotlichtverst\u00f6\u00dfe pro Stunde v\u00f6llig normal.<\/p>\n<p>Und sowieso k\u00f6nne man auf solchen Hauptstra\u00dfen LKWs nicht sinnvoll kontrollieren, weil man sie nicht anhalten kann. Daf\u00fcr habe ich nat\u00fcrlich vollstes Verst\u00e4ndnis. Ich lasse mich und meine Familie lieber tot fahren, als dass jemand sich Gedanken \u00fcber seine Arbeit machen m\u00fcsste.<\/p>\n","protected":false},"excerpt":{"rendered":"<p>Ein Meter. Das ist die Wegstrecke, die heute morgen fehlte, um mich am Schreiben dieser Zeilen zu hindern. H\u00f6rt sich dramatisch an, ist es auch. Ich hatte im B\u00fcro noch reichlich Adrenalin-\u00dcberschuss im Blut. Ich wartete an der roten Fu\u00dfg\u00e4nger\/Radfahrerampel &hellip;<\/p>\n<p class=\"read-more\"> <a class=\"more-link\" href=\"https:\/\/www.andreas-edler.de\/blog\/2011\/01\/rotlicht-sunder\/\"> <span class=\"screen-reader-text\">Rotlicht-S\u00fcnder<\/span> Weiterlesen &raquo;<\/a><\/p>\n","protected":false},"author":1,"featured_media":0,"comment_status":"open","ping_status":"open","sticky":false,"template":"","format":"standard","meta":{"ngg_post_thumbnail":0,"activitypub_content_warning":"","activitypub_content_visibility":"","activitypub_max_image_attachments":2,"activitypub_interaction_policy_quote":"anyone","activitypub_status":"","footnotes":""},"categories":[14,15,13],"tags":[71],"class_list":["post-9108","post","type-post","status-publish","format-standard","hentry","category-bad-oeynhausen","category-fahrrad","category-verkehr","tag-regeln"],"share_on_mastodon":{"url":"","error":""},"_links":{"self":[{"href":"https:\/\/www.andreas-edler.de\/blog\/wp-json\/wp\/v2\/posts\/9108","targetHints":{"allow":["GET"]}}],"collection":[{"href":"https:\/\/www.andreas-edler.de\/blog\/wp-json\/wp\/v2\/posts"}],"about":[{"href":"https:\/\/www.andreas-edler.de\/blog\/wp-json\/wp\/v2\/types\/post"}],"author":[{"embeddable":true,"href":"https:\/\/www.andreas-edler.de\/blog\/wp-json\/wp\/v2\/users\/1"}],"replies":[{"embeddable":true,"href":"https:\/\/www.andreas-edler.de\/blog\/wp-json\/wp\/v2\/comments?post=9108"}],"version-history":[{"count":0,"href":"https:\/\/www.andreas-edler.de\/blog\/wp-json\/wp\/v2\/posts\/9108\/revisions"}],"wp:attachment":[{"href":"https:\/\/www.andreas-edler.de\/blog\/wp-json\/wp\/v2\/media?parent=9108"}],"wp:term":[{"taxonomy":"category","embeddable":true,"href":"https:\/\/www.andreas-edler.de\/blog\/wp-json\/wp\/v2\/categories?post=9108"},{"taxonomy":"post_tag","embeddable":true,"href":"https:\/\/www.andreas-edler.de\/blog\/wp-json\/wp\/v2\/tags?post=9108"}],"curies":[{"name":"wp","href":"https:\/\/api.w.org\/{rel}","templated":true}]}}