{"id":8891,"date":"2010-12-18T09:31:56","date_gmt":"2010-12-18T08:31:56","guid":{"rendered":"http:\/\/www.andreas-edler.de\/blog\/?p=8891"},"modified":"2010-12-18T09:31:56","modified_gmt":"2010-12-18T08:31:56","slug":"rot-gilt-fur-alle","status":"publish","type":"post","link":"https:\/\/www.andreas-edler.de\/blog\/2010\/12\/rot-gilt-fur-alle\/","title":{"rendered":"Rot gilt f\u00fcr alle"},"content":{"rendered":"<p><cite><b><a href=\"http:\/\/www.nw-news.de\/owl\/4099121_15-Jaehriger_bekommt_Punkt_in_Flensburg.html?utm_source=owlonline&#038;utm_medium=twitter\">15-J\u00e4hriger bekommt Punkt in Flensburg<\/a><\/b><br \/>\n&#8230; Als die Auto-Ampel auf rot schaltet, halten die Wagen \u2013 und Marvin f\u00e4hrt los, bevor das Fu\u00dfg\u00e4ngersignal umspringt &#8230;<\/cite> Beobachte ich jeden Morgen z.B. an der Eidinghausener und der Mindener Stra\u00dfe. Und oft sage ich den Leuten dann auch, dass Rot f\u00fcr alle gilt. Im \u00fcbrigen sind es fast mehr \u00e4ltere Semester als Sch\u00fcler, die zu fr\u00fch los gehen. Insofern ganz klarer Versto\u00df gegen die Regeln &#8211; gef\u00e4hrlich noch dazu, weil noch viele Autofahrer auf den letzten Sticken durch rauschen.<\/p>\n<p>Andererseits hat der Junge nat\u00fcrlich Recht, Autofahrer haben meiner Beobachtung nach das dreistufige Signal der Ampeln im Kopf bereits auf 2 reduziert. Es gibt nur noch gr\u00fcn und rot. Das eigentlich zum Anhalten auffordernde orange wird nur noch wie gr\u00fcn wahrgenommen. Dadurch fahren viele noch bei rot \u00fcber die Ampel. Und wenn die Frau Polizistin im Ausschuss f\u00fcr Stadtentwicklung beim Bericht \u00fcber die Ampeln an der Mindener Stra\u00dfe das \u00dcberfahren von rot innerhalb der ersten Sekunde nach Umschalten quasi als &#8222;normal&#8220; darstellt, dann wundert mich das im Artikel beschriebene Verhalten der Polizisten schon ein wenig.<\/p>\n","protected":false},"excerpt":{"rendered":"<p>15-J\u00e4hriger bekommt Punkt in Flensburg &#8230; Als die Auto-Ampel auf rot schaltet, halten die Wagen \u2013 und Marvin f\u00e4hrt los, bevor das Fu\u00dfg\u00e4ngersignal umspringt &#8230; Beobachte ich jeden Morgen z.B. an der Eidinghausener und der Mindener Stra\u00dfe. Und oft sage &hellip;<\/p>\n<p class=\"read-more\"> <a class=\"more-link\" href=\"https:\/\/www.andreas-edler.de\/blog\/2010\/12\/rot-gilt-fur-alle\/\"> <span class=\"screen-reader-text\">Rot gilt f\u00fcr alle<\/span> Weiterlesen &raquo;<\/a><\/p>\n","protected":false},"author":1,"featured_media":0,"comment_status":"open","ping_status":"open","sticky":false,"template":"","format":"standard","meta":{"ngg_post_thumbnail":0,"activitypub_content_warning":"","activitypub_content_visibility":"","activitypub_max_image_attachments":2,"activitypub_interaction_policy_quote":"anyone","activitypub_status":"","footnotes":""},"categories":[14,15,13],"tags":[37,71],"class_list":["post-8891","post","type-post","status-publish","format-standard","hentry","category-bad-oeynhausen","category-fahrrad","category-verkehr","tag-auto","tag-regeln"],"share_on_mastodon":{"url":"","error":""},"_links":{"self":[{"href":"https:\/\/www.andreas-edler.de\/blog\/wp-json\/wp\/v2\/posts\/8891","targetHints":{"allow":["GET"]}}],"collection":[{"href":"https:\/\/www.andreas-edler.de\/blog\/wp-json\/wp\/v2\/posts"}],"about":[{"href":"https:\/\/www.andreas-edler.de\/blog\/wp-json\/wp\/v2\/types\/post"}],"author":[{"embeddable":true,"href":"https:\/\/www.andreas-edler.de\/blog\/wp-json\/wp\/v2\/users\/1"}],"replies":[{"embeddable":true,"href":"https:\/\/www.andreas-edler.de\/blog\/wp-json\/wp\/v2\/comments?post=8891"}],"version-history":[{"count":0,"href":"https:\/\/www.andreas-edler.de\/blog\/wp-json\/wp\/v2\/posts\/8891\/revisions"}],"wp:attachment":[{"href":"https:\/\/www.andreas-edler.de\/blog\/wp-json\/wp\/v2\/media?parent=8891"}],"wp:term":[{"taxonomy":"category","embeddable":true,"href":"https:\/\/www.andreas-edler.de\/blog\/wp-json\/wp\/v2\/categories?post=8891"},{"taxonomy":"post_tag","embeddable":true,"href":"https:\/\/www.andreas-edler.de\/blog\/wp-json\/wp\/v2\/tags?post=8891"}],"curies":[{"name":"wp","href":"https:\/\/api.w.org\/{rel}","templated":true}]}}