{"id":8878,"date":"2010-12-16T11:02:06","date_gmt":"2010-12-16T10:02:06","guid":{"rendered":"http:\/\/www.andreas-edler.de\/blog\/?p=8878"},"modified":"2010-12-16T11:02:06","modified_gmt":"2010-12-16T10:02:06","slug":"integriertes-klimaschutzkonzept-bad-oeynhausen","status":"publish","type":"post","link":"https:\/\/www.andreas-edler.de\/blog\/2010\/12\/integriertes-klimaschutzkonzept-bad-oeynhausen\/","title":{"rendered":"Integriertes Klimaschutzkonzept Bad Oeynhausen"},"content":{"rendered":"<p>Im Ausschuss f\u00fcr Klima-, Umwelt- und Hochwasserschutz wurde beschlossen, dem Rat die Umsetzung des integrierten Klimaschutzkonzeptes f\u00fcr Bad Oeynhausen zu empfehlen. Dieser Beschluss erfolgte einstimmig durch alle beteiligten Fraktionen. Umso erstaunter war ich dann gestern, dass die CDU diesen Beschluss im Rat nicht tragen wollte.<\/p>\n<p>Es wurde sich an der Formulierung &#8222;Auch kommunalpolitische Entscheidungen sind zuk\u00fcnftig im Vorfeld auf ihre Klimaschutzrelevanz zu \u00fcberpr\u00fcfen&#8220; gerieben. Das w\u00e4re eine Blockade aller zuk\u00fcnftigen Planungen.<\/p>\n<p>Nun, wenn man so ein Klimaschutzkonzept aufstellt und umsetzen m\u00f6chte, welche wenn nicht die kommunalpolitischen Entscheidungen sollen denn dann auf die Klimaschutzrelevanz \u00fcberpr\u00fcft werden? Eher st\u00f6re ich mich an dem Wort &#8222;auch&#8220; vor dem Satz, denn selbstverst\u00e4ndlich bedeutet ein integriertes Konzept immer, dass <b>alle<\/b> Entscheidungen hinsichtlich des Konzeptes \u00fcberpr\u00fcft werden m\u00fcssen.  <\/p>\n<p>Zur Umsetzung dieser Ma\u00dfnahmen ist es erforderlich eine Koordinierungsstelle f\u00fcr den Klimaschutz einzurichten. Diese Stelle ist auf drei Jahre befristet und wird zu mindestens 75% gef\u00f6rdert. Das bedeutet, dass die Umsetzung dieser Einzema\u00dfnahme im Rahmen des sehr ambitionierten Konzeptes die Stadt ca. 17.000 \u20ac im Jahr kostet. <\/p>\n<p>Auch angesichts des zu erwartenden Nothaushaltes kann die Stadt nicht in jeder Hinsicht bewegungslos und apathisch bleiben. Das Klimaschutzkonzept beinhaltet deutlich mehr als nur Prestige und Worth\u00fclsen. Aus den Ma\u00dfnahmen erwachsen Einsparungen und andererseits auch Investitionen welche durch entsprechende Auftr\u00e4ge den ortsans\u00e4ssigen Handwerken zu Gute kommen und somit letztendlich Geld in die Kassen der Stadt sp\u00fclen k\u00f6nnen.<\/p>\n<p>Auch diese Stelle eines Koordinators war der CDU ein Dorn im Auge. W\u00e4re der Beschluss ohne die ausdr\u00fcckliche Verpflichtung kommunalpolitische Entscheidungen auf Klimaschutzrelevanz abzuklopfen und ohne die stark gef\u00f6rderte Stelle einzurichten gefasst worden, w\u00fcrde in Bad Oeynhausen der Klimaschutz faktisch wegfallen.<\/p>\n<p>Vern\u00fcnftigerweise haben alle anderen Fraktionen die Situation anders eingesch\u00e4tzt.<\/p>\n","protected":false},"excerpt":{"rendered":"<p>Im Ausschuss f\u00fcr Klima-, Umwelt- und Hochwasserschutz wurde beschlossen, dem Rat die Umsetzung des integrierten Klimaschutzkonzeptes f\u00fcr Bad Oeynhausen zu empfehlen. Dieser Beschluss erfolgte einstimmig durch alle beteiligten Fraktionen. Umso erstaunter war ich dann gestern, dass die CDU diesen Beschluss &hellip;<\/p>\n<p class=\"read-more\"> <a class=\"more-link\" href=\"https:\/\/www.andreas-edler.de\/blog\/2010\/12\/integriertes-klimaschutzkonzept-bad-oeynhausen\/\"> <span class=\"screen-reader-text\">Integriertes Klimaschutzkonzept Bad Oeynhausen<\/span> Weiterlesen &raquo;<\/a><\/p>\n","protected":false},"author":1,"featured_media":0,"comment_status":"open","ping_status":"open","sticky":false,"template":"","format":"standard","meta":{"ngg_post_thumbnail":0,"activitypub_content_warning":"","activitypub_content_visibility":"","activitypub_max_image_attachments":2,"activitypub_interaction_policy_quote":"anyone","activitypub_status":"","footnotes":""},"categories":[14,45],"tags":[75,77,70],"class_list":["post-8878","post","type-post","status-publish","format-standard","hentry","category-bad-oeynhausen","category-politik","tag-grun","tag-stadtrat","tag-umwelt"],"share_on_mastodon":{"url":"","error":""},"_links":{"self":[{"href":"https:\/\/www.andreas-edler.de\/blog\/wp-json\/wp\/v2\/posts\/8878","targetHints":{"allow":["GET"]}}],"collection":[{"href":"https:\/\/www.andreas-edler.de\/blog\/wp-json\/wp\/v2\/posts"}],"about":[{"href":"https:\/\/www.andreas-edler.de\/blog\/wp-json\/wp\/v2\/types\/post"}],"author":[{"embeddable":true,"href":"https:\/\/www.andreas-edler.de\/blog\/wp-json\/wp\/v2\/users\/1"}],"replies":[{"embeddable":true,"href":"https:\/\/www.andreas-edler.de\/blog\/wp-json\/wp\/v2\/comments?post=8878"}],"version-history":[{"count":0,"href":"https:\/\/www.andreas-edler.de\/blog\/wp-json\/wp\/v2\/posts\/8878\/revisions"}],"wp:attachment":[{"href":"https:\/\/www.andreas-edler.de\/blog\/wp-json\/wp\/v2\/media?parent=8878"}],"wp:term":[{"taxonomy":"category","embeddable":true,"href":"https:\/\/www.andreas-edler.de\/blog\/wp-json\/wp\/v2\/categories?post=8878"},{"taxonomy":"post_tag","embeddable":true,"href":"https:\/\/www.andreas-edler.de\/blog\/wp-json\/wp\/v2\/tags?post=8878"}],"curies":[{"name":"wp","href":"https:\/\/api.w.org\/{rel}","templated":true}]}}