{"id":8819,"date":"2010-11-30T19:26:18","date_gmt":"2010-11-30T18:26:18","guid":{"rendered":"http:\/\/www.andreas-edler.de\/blog\/?p=8819"},"modified":"2010-12-01T16:31:52","modified_gmt":"2010-12-01T15:31:52","slug":"wer-wird-verstarkt-kontrolliert-wenn-radfahrer-umgefahren-werden","status":"publish","type":"post","link":"https:\/\/www.andreas-edler.de\/blog\/2010\/11\/wer-wird-verstarkt-kontrolliert-wenn-radfahrer-umgefahren-werden\/","title":{"rendered":"Wer wird verst\u00e4rkt kontrolliert, wenn Radfahrer umgefahren werden?"},"content":{"rendered":"<p>Klar, die Radfahrer! <cite>NW-News: <b><a href=\"http:\/\/www.nw-news.de\/lokale_news\/bad_oeynhausen\/bad_oeynhausen\/4034879_Polizei_ueberprueft_Radfahrer.html\">Polizei \u00fcberpr\u00fcft Radfahrer<\/a><\/b><br \/>\n&#8230; Statt morgens und mittags an beiden Schulzentren in Bad Oeynhausen, wurde die Zweir\u00e4der zwischen sieben und acht Uhr an zwei Stellen am Schulzentrum S\u00fcd \u00fcberpr\u00fcft &#8230;<\/cite> Ja, bl\u00f6d dass es geschneit hat und so wenige auf zwei R\u00e4dern unterwegs waren. Trotzdem freut sich die Neue Westf\u00e4lisch bereits auf das Ergebnis: <cite>Wie viel Radfahrer ohne oder nur mit mangelhafter Beleuchtung unterwegs waren lesen Sie in der Mittwochsausgabe der Neuen Westf\u00e4lischen.<\/cite> Ich muss brechen. Diese Berichterstattung sowohl von der Polizei in deren Presseberichten und auch die unreflektierte Wiedergabe in den lokalen Medien ist alles, nur eins nicht: Fahrradfreundlich.<\/p>\n<p><b>Die Realit\u00e4t sieht so aus:<\/b><\/p>\n<ul>\n<li>Auf dem Weg zur Arbeit heute morgen im &#8222;D\u00f6rgen&#8220; zu dicht und mit deutlich mehr als den erlaubten 30 Km\/h \u00fcberholt worden<\/li>\n<li>Die Radwege entlang der &#8222;Eidinghausener Stra\u00dfe&#8220; sind mit Schnee und Raureif bedeckt, die Fahrbahn nicht.<\/li>\n<li>An der Einm\u00fcndung &#8222;Zum Friedhof&#8220; und &#8222;Am Muldedamm&#8220; zwingt mich jeweils ein Autofahrer zum starken Abbremsen, da er mir die Vorfahrt nimmt.<\/li>\n<li>An der Kreuzung zur &#8222;Steinstra\u00dfe&#8220; rauscht noch schnell ein LKW \u00fcber die Kreuzung, w\u00e4hrend die Fu\u00dfg\u00e4nger-\/Radfahrerampel auf Gr\u00fcn schaltet.<\/li>\n<li>Auf der &#8222;K\u00f6nigstra\u00dfe&#8220; werde ich, als ich mich bereits zum Abbiegen in die &#8222;Heinrichstra\u00dfe&#8220; eingeordnet habe, noch schnell von einem PKW \u00fcberholt. Abstand Ellenbogenl\u00e4nge.<\/li>\n<\/ul>\n<p style=\"text-align: center;\"><img decoding=\"async\" src=\"http:\/\/www.andreas-edler.de\/grafik\/blog_2010\/20101130_zweite_reihe_parken.jpg\" alt=\"\" title=\"\" border=\"0\" width=\"470\"><\/p>\n<ul>\n<li>Vor den Grundschulen parken die Muttis gerne in zweiter Reihe die Stra\u00dfen beidseitig zu, weil es ja so gef\u00e4hrlich ist, wenn die Kinder zu Fu\u00df gehen. Nat\u00fcrlich achten sie vor dem \u00d6ffnen der T\u00fcren nicht auf eventuelle Radfahrer.<\/li>\n<li>Auf dem Nachhauseweg an der Einm\u00fcndung &#8222;Breitenbachstra\u00dfe&#8220; in die &#8222;Steinstra\u00dfe&#8220; kunstvoll um einen auf dem Radweg haltenden PKW herumgezirkelt.<\/li>\n<li>Die Querung der &#8222;Mindener Stra\u00dfe&#8220; Richtung Norden bei Gr\u00fcn befahren, als noch schnell ein LKW Richtung Osnabr\u00fcck dr\u00fcber rauscht.<\/li>\n<li>Von der Volksbank m\u00f6chte gerne ein PKW-Fahrer auf die &#8222;Eidinghausener Stra\u00dfe&#8220; und steht quer \u00fcber Rad- und Gehweg. Hinter ihm ist niemand, einfahren kann er aufgrund des Verkehrs auch nicht. Muss mich von weitem gesehen haben, guckt mich aber br\u00e4sig und bewegungslos an. Wundert sich dann, dass ich mehr Zeit als er habe und er doch noch zur\u00fccksetzen muss.<\/li>\n<li>Direkt nach der Querung der &#8222;Werster Stra\u00dfe&#8220; f\u00e4hrt mich ein Gel\u00e4ndewagenfahrer beinahe mit seinem Pferdeanh\u00e4nger um, weil er einfach ohne auf mich zu achten auf das Tankstellengel\u00e4nde bei Fiat Bl\u00f6baum einbiegt. Kann gerade noch ausweichen. Sagt mir auch noch ganz dreist, dass er mich gesehen hat, aber doch schneller ist als ich.<\/li>\n<li>Im &#8222;D\u00f6rgen&#8220; kommt mir dann noch der Gegenverkehr erstaunlich nahe, weil auf seiner Seite Autos parken. Wundert sich, warum ich nicht in die G\u00e4rten der Anwohner ausweiche, sondern er anhalten muss.<\/li>\n<\/ul>\n<p>Ich habe ausreichend Licht am Rad, nabendynamogespeist und halogenbefeuert. Man kann mich sehen.<\/p>\n<p>Nat\u00fcrlich macht es aber richtig Sinn, mich zu kontrollieren, statt endlich und verdammt noch mal bei den Autofahrern anzusetzen! Weil solche Unf\u00e4lle <cite>Polizei Minden-L\u00fcbbecke: <b><a href=\"http:\/\/www.presseportal.de\/polizeipresse\/pm\/43553\/1726380\/polizei_minden_luebbecke\/rss\">Radfahrer bei Unfall mit PKW verletzt<\/a><\/b><br \/>\n&#8230; Bei Einbiegen nach rechts in die Detmolder Stra\u00dfe stie\u00df sie mit einem 81-j\u00e4hrigen Radfahrer zusammen, der aus ihrer Sicht von links kommend auf der bevorrechtigten Detmolder Stra\u00dfe unterwegs war &#8230;<\/cite> kommen ja so gut wie nie vor. Meine Fresse!<\/p>\n","protected":false},"excerpt":{"rendered":"<p>Klar, die Radfahrer! NW-News: Polizei \u00fcberpr\u00fcft Radfahrer &#8230; Statt morgens und mittags an beiden Schulzentren in Bad Oeynhausen, wurde die Zweir\u00e4der zwischen sieben und acht Uhr an zwei Stellen am Schulzentrum S\u00fcd \u00fcberpr\u00fcft &#8230; Ja, bl\u00f6d dass es geschneit hat &hellip;<\/p>\n<p class=\"read-more\"> <a class=\"more-link\" href=\"https:\/\/www.andreas-edler.de\/blog\/2010\/11\/wer-wird-verstarkt-kontrolliert-wenn-radfahrer-umgefahren-werden\/\"> <span class=\"screen-reader-text\">Wer wird verst\u00e4rkt kontrolliert, wenn Radfahrer umgefahren werden?<\/span> Weiterlesen &raquo;<\/a><\/p>\n","protected":false},"author":1,"featured_media":0,"comment_status":"open","ping_status":"open","sticky":false,"template":"","format":"standard","meta":{"ngg_post_thumbnail":0,"activitypub_content_warning":"","activitypub_content_visibility":"","activitypub_max_image_attachments":2,"activitypub_interaction_policy_quote":"anyone","activitypub_status":"","footnotes":""},"categories":[1],"tags":[],"class_list":["post-8819","post","type-post","status-publish","format-standard","hentry","category-allgemein"],"share_on_mastodon":{"url":"","error":""},"_links":{"self":[{"href":"https:\/\/www.andreas-edler.de\/blog\/wp-json\/wp\/v2\/posts\/8819","targetHints":{"allow":["GET"]}}],"collection":[{"href":"https:\/\/www.andreas-edler.de\/blog\/wp-json\/wp\/v2\/posts"}],"about":[{"href":"https:\/\/www.andreas-edler.de\/blog\/wp-json\/wp\/v2\/types\/post"}],"author":[{"embeddable":true,"href":"https:\/\/www.andreas-edler.de\/blog\/wp-json\/wp\/v2\/users\/1"}],"replies":[{"embeddable":true,"href":"https:\/\/www.andreas-edler.de\/blog\/wp-json\/wp\/v2\/comments?post=8819"}],"version-history":[{"count":0,"href":"https:\/\/www.andreas-edler.de\/blog\/wp-json\/wp\/v2\/posts\/8819\/revisions"}],"wp:attachment":[{"href":"https:\/\/www.andreas-edler.de\/blog\/wp-json\/wp\/v2\/media?parent=8819"}],"wp:term":[{"taxonomy":"category","embeddable":true,"href":"https:\/\/www.andreas-edler.de\/blog\/wp-json\/wp\/v2\/categories?post=8819"},{"taxonomy":"post_tag","embeddable":true,"href":"https:\/\/www.andreas-edler.de\/blog\/wp-json\/wp\/v2\/tags?post=8819"}],"curies":[{"name":"wp","href":"https:\/\/api.w.org\/{rel}","templated":true}]}}