{"id":8803,"date":"2010-11-27T22:30:49","date_gmt":"2010-11-27T21:30:49","guid":{"rendered":"http:\/\/www.andreas-edler.de\/blog\/?p=8803"},"modified":"2010-11-27T22:30:49","modified_gmt":"2010-11-27T21:30:49","slug":"dunkel-drausen-reelight-sl-150","status":"publish","type":"post","link":"https:\/\/www.andreas-edler.de\/blog\/2010\/11\/dunkel-drausen-reelight-sl-150\/","title":{"rendered":"Dunkel drau\u00dfen: Reelight SL 150"},"content":{"rendered":"<p>Die dunkle Jahrezeit hat definitiv begonnen. Und damit auch die Zeit, in der man nicht mehr ohne Licht am Rad auf die Stra\u00dfe sollte. Hat auf die Unfallh\u00e4ufigkeit zwar keine Auswirkung, aber ich mag es, wenn man mich sieht. Am Reise- und Arbeitsrad habe ich letztlich <a href=\"http:\/\/www.andreas-edler.de\/blog\/2010\/10\/es-werde-licht-3\/\">einen Nabendynamo nebst Leuchten montiert<\/a> und bin ganz begeistert davon! Man merkt den Widerstand so gut wie gar nicht. Lediglich etwas schwerer ist das Rad geworden &#8211; aber da macht es eher Sinn, an meiner Plautze zu feilen, als sich \u00fcber das Mehrgewicht des Rades auszulassen! <\/p>\n<p style=\"text-align:center;\"><img decoding=\"async\" src=\"http:\/\/www.andreas-edler.de\/grafik\/blog_2010\/20101127_reelight_sl_150_packung.jpg\" width=\"470\" border=\"0\" alt=\"\"><\/p>\n<p> Am <a href=\"http:\/\/www.andreas-edler.de\/blog\/2006\/02\/es-ist-soweit\/\">Scott Sub 30<\/a> habe ich vor drei Jahren (Boah, ist das schon so lange her?) die famosen <a href=\"http:\/\/www.andreas-edler.de\/blog\/2007\/12\/reelight-sl150-steady-light\/\">Reelight SL 150<\/a> angeflanscht. Superleichte Leuchten, keine Kabelage, kein Dynamo, keine bewegten Teile. Der Strom wird durch Induktion mittels zweier in den Speichen montierter Magnete erzeugt, die widerum auf an der Radachse befestigten LED-Leuchten wirken. Funktioniert pr\u00e4chtig und man wird gesehen. Haben sich zu zwei Gelegenheiten auch schon interessierte Polizisten n\u00e4her angeschaut und f\u00fcr sehr interessant befunden! Am <a href=\"http:\/\/www.andreas-edler.de\/blog\/2008\/01\/scott-aspect-50\/\">Aspect 50<\/a> war bis jetzt kein Licht und ich habe mich neulich auch schon mal ziemlich unwohl gef\u00fchlt, als ich in der D\u00e4mmerung nach Hause musste. Das ist nun anders! <\/p>\n<p style=\"text-align:center;\"><img decoding=\"async\" src=\"http:\/\/www.andreas-edler.de\/grafik\/blog_2010\/20101127_reelight_sl_150_hinterrad.jpg\" width=\"470\" border=\"0\" alt=\"\"><\/p>\n<p> Ich habe ein zweites Set der Reelights geordert und heute morgen montiert. Das sind wirklich sinnvoll investierte 42 Euro. Sollte jeder mal dr\u00fcber nachdenken, der das Rad das ganze Jahr \u00fcber bewegt und bisher auf Batteriefunzeln gesetzt hat.<\/p>\n","protected":false},"excerpt":{"rendered":"<p>Die dunkle Jahrezeit hat definitiv begonnen. Und damit auch die Zeit, in der man nicht mehr ohne Licht am Rad auf die Stra\u00dfe sollte. Hat auf die Unfallh\u00e4ufigkeit zwar keine Auswirkung, aber ich mag es, wenn man mich sieht. Am &hellip;<\/p>\n<p class=\"read-more\"> <a class=\"more-link\" href=\"https:\/\/www.andreas-edler.de\/blog\/2010\/11\/dunkel-drausen-reelight-sl-150\/\"> <span class=\"screen-reader-text\">Dunkel drau\u00dfen: Reelight SL 150<\/span> Weiterlesen &raquo;<\/a><\/p>\n","protected":false},"author":1,"featured_media":0,"comment_status":"open","ping_status":"open","sticky":false,"template":"","format":"standard","meta":{"ngg_post_thumbnail":0,"activitypub_content_warning":"","activitypub_content_visibility":"","activitypub_max_image_attachments":2,"activitypub_interaction_policy_quote":"anyone","activitypub_status":"","footnotes":""},"categories":[15],"tags":[64,46],"class_list":["post-8803","post","type-post","status-publish","format-standard","hentry","category-fahrrad","tag-konsum","tag-technik"],"share_on_mastodon":{"url":"","error":""},"_links":{"self":[{"href":"https:\/\/www.andreas-edler.de\/blog\/wp-json\/wp\/v2\/posts\/8803","targetHints":{"allow":["GET"]}}],"collection":[{"href":"https:\/\/www.andreas-edler.de\/blog\/wp-json\/wp\/v2\/posts"}],"about":[{"href":"https:\/\/www.andreas-edler.de\/blog\/wp-json\/wp\/v2\/types\/post"}],"author":[{"embeddable":true,"href":"https:\/\/www.andreas-edler.de\/blog\/wp-json\/wp\/v2\/users\/1"}],"replies":[{"embeddable":true,"href":"https:\/\/www.andreas-edler.de\/blog\/wp-json\/wp\/v2\/comments?post=8803"}],"version-history":[{"count":0,"href":"https:\/\/www.andreas-edler.de\/blog\/wp-json\/wp\/v2\/posts\/8803\/revisions"}],"wp:attachment":[{"href":"https:\/\/www.andreas-edler.de\/blog\/wp-json\/wp\/v2\/media?parent=8803"}],"wp:term":[{"taxonomy":"category","embeddable":true,"href":"https:\/\/www.andreas-edler.de\/blog\/wp-json\/wp\/v2\/categories?post=8803"},{"taxonomy":"post_tag","embeddable":true,"href":"https:\/\/www.andreas-edler.de\/blog\/wp-json\/wp\/v2\/tags?post=8803"}],"curies":[{"name":"wp","href":"https:\/\/api.w.org\/{rel}","templated":true}]}}