{"id":8773,"date":"2010-11-18T18:40:40","date_gmt":"2010-11-18T17:40:40","guid":{"rendered":"http:\/\/www.andreas-edler.de\/blog\/?p=8773"},"modified":"2010-11-18T17:09:18","modified_gmt":"2010-11-18T16:09:18","slug":"alles-terror-oder-was","status":"publish","type":"post","link":"https:\/\/www.andreas-edler.de\/blog\/2010\/11\/alles-terror-oder-was\/","title":{"rendered":"Alles Terror oder was?"},"content":{"rendered":"<p>Herr <a href=\"http:\/\/www.golem.de\/1011\/79479.html\">Sch\u00fcnemann m\u00f6chte gerne potentiellen Terroristen Handy und Internet wegnehmen<\/a>. Mal abgesehen davon, dass potentiell jeder ein Terrorist sein k\u00f6nnte, habe ich ganz gro\u00dfe Bauchschmerzen, wenn ich mir vorstelle wer entscheidet, dass jemand &#8222;potentiell&#8220; ein Terrorist ist. Sch\u00fcnemann, das ist \u00fcbrigens <a href=\"http:\/\/unintendedpurpose.wordpress.com\/2009\/07\/01\/klasse-wtf-das-sieht-aus-wie-ein-fake-ist-aber-real-und-mein-fundstuck-des-monats-fail-schuenemann\/\">der Herr, der am Monitor einen Zettel mit Benutzernamen, Passwort und Dom\u00e4ne pappen hat<\/a>. Klar, der hat nat\u00fcrlich im Bereich Internet, Handy und Sicherheit die Nase ganz weit vorne. V\u00f6llig logisch, das aus der Ecke solche Vorschl\u00e4ge kommen!<\/p>\n<p>\u00dcberhaupt Terror &#8211; was soll diese Panikmache? Die Medien \u00fcberschlagen sich, aber Konkretes wurde von niemandem genannt. Die Bedrohungslage sei genauso hoch, wie vor der Wahl 2009. Nun, da war sie so hoch, dass exakt genau gar nichts passiert ist. Wenn man Terroristen ausbremsen will und Informationen dar\u00fcber hat, dann h\u00e4lt man die Klappe und trifft entsprechende Ma\u00dfnahmen. Terror hei\u00dft Schrecken und den erzeugen gerade nicht die potentiellen Terroristen, sondern unsere  Regierung mittels der begeistert auf den Zug aufspringenden Medien. Ich habe keine Angst vor Terror. Ich habe Angst vor Typen, die mir am hellichten Tag mit Moniereisen und Kantholz in der Hand drohen &#8211; wenn man sie daran hindert, damit jemand anderen zu verpr\u00fcgeln.<\/p>\n<p>Wenn man derart Terror und Mordio schreit, um sofort die Kavallerie los zu lassen, dann macht das auf mich den Eindruck, als m\u00f6chte man m\u00f6glichst laut und schnell von etwas anderem ablenken. Oder sollen diese Meldungen den B\u00fcrger etwa sensibilisieren? Was sollten wir denn dann sinnvollerweise mit den Informationen  tun? <a href=\"http:\/\/de.wikipedia.org\/wiki\/Duck_and_Cover\">Duck &#038; Cover<\/a>?<\/p>\n","protected":false},"excerpt":{"rendered":"<p>Herr Sch\u00fcnemann m\u00f6chte gerne potentiellen Terroristen Handy und Internet wegnehmen. Mal abgesehen davon, dass potentiell jeder ein Terrorist sein k\u00f6nnte, habe ich ganz gro\u00dfe Bauchschmerzen, wenn ich mir vorstelle wer entscheidet, dass jemand &#8222;potentiell&#8220; ein Terrorist ist. Sch\u00fcnemann, das ist &hellip;<\/p>\n<p class=\"read-more\"> <a class=\"more-link\" href=\"https:\/\/www.andreas-edler.de\/blog\/2010\/11\/alles-terror-oder-was\/\"> <span class=\"screen-reader-text\">Alles Terror oder was?<\/span> Weiterlesen &raquo;<\/a><\/p>\n","protected":false},"author":1,"featured_media":0,"comment_status":"open","ping_status":"open","sticky":false,"template":"","format":"standard","meta":{"ngg_post_thumbnail":0,"activitypub_content_warning":"","activitypub_content_visibility":"","activitypub_max_image_attachments":2,"activitypub_interaction_policy_quote":"anyone","activitypub_status":"","footnotes":""},"categories":[1],"tags":[],"class_list":["post-8773","post","type-post","status-publish","format-standard","hentry","category-allgemein"],"share_on_mastodon":{"url":"","error":""},"_links":{"self":[{"href":"https:\/\/www.andreas-edler.de\/blog\/wp-json\/wp\/v2\/posts\/8773","targetHints":{"allow":["GET"]}}],"collection":[{"href":"https:\/\/www.andreas-edler.de\/blog\/wp-json\/wp\/v2\/posts"}],"about":[{"href":"https:\/\/www.andreas-edler.de\/blog\/wp-json\/wp\/v2\/types\/post"}],"author":[{"embeddable":true,"href":"https:\/\/www.andreas-edler.de\/blog\/wp-json\/wp\/v2\/users\/1"}],"replies":[{"embeddable":true,"href":"https:\/\/www.andreas-edler.de\/blog\/wp-json\/wp\/v2\/comments?post=8773"}],"version-history":[{"count":0,"href":"https:\/\/www.andreas-edler.de\/blog\/wp-json\/wp\/v2\/posts\/8773\/revisions"}],"wp:attachment":[{"href":"https:\/\/www.andreas-edler.de\/blog\/wp-json\/wp\/v2\/media?parent=8773"}],"wp:term":[{"taxonomy":"category","embeddable":true,"href":"https:\/\/www.andreas-edler.de\/blog\/wp-json\/wp\/v2\/categories?post=8773"},{"taxonomy":"post_tag","embeddable":true,"href":"https:\/\/www.andreas-edler.de\/blog\/wp-json\/wp\/v2\/tags?post=8773"}],"curies":[{"name":"wp","href":"https:\/\/api.w.org\/{rel}","templated":true}]}}