{"id":87699,"date":"2014-05-25T21:10:30","date_gmt":"2014-05-25T19:10:30","guid":{"rendered":"http:\/\/www.andreas-edler.de\/blog\/?p=87699"},"modified":"2014-05-26T10:49:05","modified_gmt":"2014-05-26T08:49:05","slug":"wahltag-in-bad-oeynhausen","status":"publish","type":"post","link":"https:\/\/www.andreas-edler.de\/blog\/2014\/05\/wahltag-in-bad-oeynhausen\/","title":{"rendered":"Wahltag in Bad Oeynhausen"},"content":{"rendered":"<p>Der Wecker klingelte um kurz nach sechs Uhr. Nach f\u00fcnf Jahren musste der Stadtrat neu gew\u00e4hlt werden und wie immer in den letzten Jahren habe ich mich fr\u00fchzeitig als Wahlhelfer gemeldet. Mein &#8222;Dienst&#8220; begann um halb Acht in der Grundschule Eidinghausen. Beisitzer in Wahlbezirk 15. Das klappte auch ziemlich gut. Alle p\u00fcnktlich vor Ort, die Einweisungen reibungslos und um 8 Uhr konnte das Wahllokal ge\u00f6ffnet werden. Lediglich die Beteiligung der B\u00fcrger an dieser Wahl h\u00e4tte etwas engagierter ausfallen k\u00f6nnen. Und nein, ich halte &#8222;nicht zur Wahl gehen&#8220; f\u00fcr keine Art der Abstimmung. Hingehen und die Wahlzettel ung\u00fcltig machen kann ich gerade noch so gelten lassen &#8211; damit dr\u00fcckt man seine Meinung aus. Mit fernbleiben dr\u00fcckt man gar nichts aus, au\u00dfer dass man ganz offensichtlich den bequemsten Weg geht.<!--more--><\/p>\n<p>Diejenigen, welche gekommen sind, hatten aber &#8211; wom\u00f6glich auch aufgrund des Wetters, aber auch sicherlich wegen der guten Laune der Wahlhelfer ;-) &#8211; durchweg ein L\u00e4cheln auf den Lippen oder ein Grinsen im Gesicht. Echt gute Stimmung, das kann ich nicht anders sagen. Lief alles wie am Schn\u00fcrchen.<\/p>\n<p>Als die Wahllokale geschlossen wurden, hatten wir in unserem Wahlkreis zwar mehr abgegebene Stimmen als in den beiden Nachbarb\u00fcros, aber die niedrige Wahlbeteiligung von deutlich unter 50% kannten wir da auch noch nicht. Wir sind erstmal angefangen, die Zettel zu sortieren. Zuerst die Europawahl z\u00e4hlen, dann Landrat, Kreis und zu guter Letzt die Gemeinderatswahl. Europawahl war echt etwas \u00e4tzend. Die ganzen Miniparteien gepaart mit den langen Stimmzetteln f\u00fchrten zu ziemlich raumgreifenden Stapeln auf Tischen und Fu\u00dfboden. Ging dann schlu\u00dfendlich mit erfassen der Anzahl der Stimmen doch gut voran. Nachdem die Europawahl durch war, hat der Wahlleiter und die Schriftf\u00fchrerin die ganze Chose einget\u00fctet, w\u00e4hrend wir anderen 5 schonmal die restlichen Wahlen durchsortiert und auch gez\u00e4hlt haben. Tats\u00e4chlich hatten wir sortierte und doppelt gez\u00e4hlte Stapel schon fertig, w\u00e4hrend die erstgez\u00e4hlte Wahl noch einget\u00fctet wurde :-) Organisation ist alles!<\/p>\n<p>Insgesamt wurde fast drei Stunden sortiert und gez\u00e4hlt! Um ziemlich genau 21 Uhr habe ich das Wahllokal verlassen und mich auf mein Rad gesetzt. Fast Feierabend f\u00fcr heute!<\/p>\n","protected":false},"excerpt":{"rendered":"<p>Der Wecker klingelte um kurz nach sechs Uhr. Nach f\u00fcnf Jahren musste der Stadtrat neu gew\u00e4hlt werden und wie immer in den letzten Jahren habe ich mich fr\u00fchzeitig als Wahlhelfer gemeldet. Mein &#8222;Dienst&#8220; begann um halb Acht in der Grundschule &hellip;<\/p>\n<p class=\"read-more\"> <a class=\"more-link\" href=\"https:\/\/www.andreas-edler.de\/blog\/2014\/05\/wahltag-in-bad-oeynhausen\/\"> <span class=\"screen-reader-text\">Wahltag in Bad Oeynhausen<\/span> Weiterlesen &raquo;<\/a><\/p>\n","protected":false},"author":1,"featured_media":0,"comment_status":"open","ping_status":"open","sticky":false,"template":"","format":"standard","meta":{"ngg_post_thumbnail":0,"activitypub_content_warning":"","activitypub_content_visibility":"","activitypub_max_image_attachments":2,"activitypub_interaction_policy_quote":"anyone","activitypub_status":"","footnotes":""},"categories":[14,45],"tags":[75,77,184],"class_list":["post-87699","post","type-post","status-publish","format-standard","hentry","category-bad-oeynhausen","category-politik","tag-grun","tag-stadtrat","tag-wahlen"],"share_on_mastodon":{"url":"","error":""},"_links":{"self":[{"href":"https:\/\/www.andreas-edler.de\/blog\/wp-json\/wp\/v2\/posts\/87699","targetHints":{"allow":["GET"]}}],"collection":[{"href":"https:\/\/www.andreas-edler.de\/blog\/wp-json\/wp\/v2\/posts"}],"about":[{"href":"https:\/\/www.andreas-edler.de\/blog\/wp-json\/wp\/v2\/types\/post"}],"author":[{"embeddable":true,"href":"https:\/\/www.andreas-edler.de\/blog\/wp-json\/wp\/v2\/users\/1"}],"replies":[{"embeddable":true,"href":"https:\/\/www.andreas-edler.de\/blog\/wp-json\/wp\/v2\/comments?post=87699"}],"version-history":[{"count":0,"href":"https:\/\/www.andreas-edler.de\/blog\/wp-json\/wp\/v2\/posts\/87699\/revisions"}],"wp:attachment":[{"href":"https:\/\/www.andreas-edler.de\/blog\/wp-json\/wp\/v2\/media?parent=87699"}],"wp:term":[{"taxonomy":"category","embeddable":true,"href":"https:\/\/www.andreas-edler.de\/blog\/wp-json\/wp\/v2\/categories?post=87699"},{"taxonomy":"post_tag","embeddable":true,"href":"https:\/\/www.andreas-edler.de\/blog\/wp-json\/wp\/v2\/tags?post=87699"}],"curies":[{"name":"wp","href":"https:\/\/api.w.org\/{rel}","templated":true}]}}