{"id":87186,"date":"2014-05-24T15:59:26","date_gmt":"2014-05-24T13:59:26","guid":{"rendered":"http:\/\/www.andreas-edler.de\/blog\/?p=87186"},"modified":"2014-05-25T12:09:14","modified_gmt":"2014-05-25T10:09:14","slug":"das-wars-mit-der-vor-ort-werbung","status":"publish","type":"post","link":"https:\/\/www.andreas-edler.de\/blog\/2014\/05\/das-wars-mit-der-vor-ort-werbung\/","title":{"rendered":"Das war&#8217;s mit der Vor-Ort-Werbung"},"content":{"rendered":"<p>So, das war&#8217;s. Noch h\u00e4ufiger bauen wir unseren Infostand vor der Wahl am Sonntag nicht auf. Wie immer war ich um halb 10 am <a href=\"https:\/\/www.facebook.com\/SueltemeyerBrunnen\">S\u00fcltemeyer-Brunnen<\/a> und habe auf den Materialwagen gewartet. Die FDP war heute zum ersten Mal vor der Kommunalwahl auch zentral vertreten und hatte den eigenen Sonnenschirm auch schon aufgestellt &#8211; auf dem Platz der SPD ;-) Die haben sich ziemlich gekuschelt danach. Die CDU kam recht zeitgleich mit uns und so waren an diesem Samstag vier Parteien um den Schweinebrunnen aktiv. Die Unabh\u00e4ngigen W\u00e4hler pr\u00e4sentierten sich lieber unten an der Klosterstra\u00dfe &#8211; die Konkurrenz sei dort nicht so gro\u00df. <\/p>\n<p style=\"text-align:center;font-size: smaller;\"><img decoding=\"async\" src=\"http:\/\/www.andreas-edler.de\/grafik\/blog_2014\/20140525_wahlinfostaende.jpg\" width=\"470\" border=\"0\" alt=\"\" title=\"\"><\/p>\n<p><!--more--> Ich bin davon \u00fcberzeugt, dass man mit dem Aufstellen von Plakaten und auch solchen Infost\u00e4nden au\u00dfer &#8222;Awareness&#8220; nichts bekommt. W\u00e4hlernetscheidungen werden hier nicht beeinflusst. Und wenn dann eben nur f\u00fcr maximal eine Handvoll Leute &#8211; wenn&#8217;s gut l\u00e4uft. Keiner w\u00e4hlt die SPD wegen einer verschenkten Rose, die CDU wegen einem Kuli oder uns wegen &#8217;nem Regenschirm oder einer Tasse. Vielleicht z\u00e4hlt doch mehr, was man so getan hat. Letzteres erf\u00e4hrt der W\u00e4hler aber maximal aus der Presse, die auch teilweise etwas selektiv berichtet. Schwierig. H\u00f6rt sich etwas desillusioniert an, ist es auch.<\/p>\n<p>Ich hoffe trotzdem auf etwas \u00fcber 10% nach Ausz\u00e4hlung der Stimmen. Das ist nicht ganz unrealistisch und vielleicht bekommen wir ja sogar einen f\u00fcnften Sitz im Rat. Am sp\u00e4ten Sonntagabend wissen wir mehr &#8230;<\/p>\n","protected":false},"excerpt":{"rendered":"<p>So, das war&#8217;s. Noch h\u00e4ufiger bauen wir unseren Infostand vor der Wahl am Sonntag nicht auf. Wie immer war ich um halb 10 am S\u00fcltemeyer-Brunnen und habe auf den Materialwagen gewartet. Die FDP war heute zum ersten Mal vor der &hellip;<\/p>\n<p class=\"read-more\"> <a class=\"more-link\" href=\"https:\/\/www.andreas-edler.de\/blog\/2014\/05\/das-wars-mit-der-vor-ort-werbung\/\"> <span class=\"screen-reader-text\">Das war&#8217;s mit der Vor-Ort-Werbung<\/span> Weiterlesen &raquo;<\/a><\/p>\n","protected":false},"author":1,"featured_media":0,"comment_status":"open","ping_status":"open","sticky":false,"template":"","format":"standard","meta":{"ngg_post_thumbnail":0,"activitypub_content_warning":"","activitypub_content_visibility":"","activitypub_max_image_attachments":2,"activitypub_interaction_policy_quote":"anyone","activitypub_status":"","footnotes":""},"categories":[14,45],"tags":[75,223,34,177],"class_list":["post-87186","post","type-post","status-publish","format-standard","hentry","category-bad-oeynhausen","category-politik","tag-grun","tag-werbung","tag-kommunikation","tag-wahlkampf"],"share_on_mastodon":{"url":"","error":""},"_links":{"self":[{"href":"https:\/\/www.andreas-edler.de\/blog\/wp-json\/wp\/v2\/posts\/87186","targetHints":{"allow":["GET"]}}],"collection":[{"href":"https:\/\/www.andreas-edler.de\/blog\/wp-json\/wp\/v2\/posts"}],"about":[{"href":"https:\/\/www.andreas-edler.de\/blog\/wp-json\/wp\/v2\/types\/post"}],"author":[{"embeddable":true,"href":"https:\/\/www.andreas-edler.de\/blog\/wp-json\/wp\/v2\/users\/1"}],"replies":[{"embeddable":true,"href":"https:\/\/www.andreas-edler.de\/blog\/wp-json\/wp\/v2\/comments?post=87186"}],"version-history":[{"count":0,"href":"https:\/\/www.andreas-edler.de\/blog\/wp-json\/wp\/v2\/posts\/87186\/revisions"}],"wp:attachment":[{"href":"https:\/\/www.andreas-edler.de\/blog\/wp-json\/wp\/v2\/media?parent=87186"}],"wp:term":[{"taxonomy":"category","embeddable":true,"href":"https:\/\/www.andreas-edler.de\/blog\/wp-json\/wp\/v2\/categories?post=87186"},{"taxonomy":"post_tag","embeddable":true,"href":"https:\/\/www.andreas-edler.de\/blog\/wp-json\/wp\/v2\/tags?post=87186"}],"curies":[{"name":"wp","href":"https:\/\/api.w.org\/{rel}","templated":true}]}}