{"id":8506,"date":"2010-10-02T15:40:21","date_gmt":"2010-10-02T13:40:21","guid":{"rendered":"http:\/\/www.andreas-edler.de\/blog\/?p=8506"},"modified":"2010-10-02T15:40:21","modified_gmt":"2010-10-02T13:40:21","slug":"es-werde-licht-3","status":"publish","type":"post","link":"https:\/\/www.andreas-edler.de\/blog\/2010\/10\/es-werde-licht-3\/","title":{"rendered":"Es werde Licht"},"content":{"rendered":"<p>Ich habe immer neidisch auf das Rad des Nachwuchs geschaut, denn der kann bei Dunkelheit mit einem ordentlichen Licht aus dem Nabendynamo auch was sehen. Ich mit meiner kleinen batteriebetriebenen LED-Funzel werde zwar gesehen, bleibe aber \u00fcber den Zustand des Weges vor mir im Unklaren. <\/p>\n<p style=\"text-align:center;\"><img decoding=\"async\" src=\"http:\/\/www.andreas-edler.de\/grafik\/blog_2010\/20101002_nabendynamo.jpg\" width=\"470\" border=\"0\" alt=\"\" title=\"\"><\/p>\n<p> Daher habe ich mich nach monatelangem \u00dcberlegen dazu entschlossen, aufzur\u00fcsten. Bei ebay schnell ein komplett eingespeichtes Vorderrad mit Nabendynamo ersteigert. Das ist letztlich auch eingetrudelt und heute morgen habe ich es in mein Reise- und Arbeitswegfahrrad implantiert. <\/p>\n<p style=\"text-align:center;\"><img decoding=\"async\" src=\"http:\/\/www.andreas-edler.de\/grafik\/blog_2010\/20101002_aufgehaengt.jpg\" width=\"470\" border=\"0\" alt=\"\" title=\"\"><\/p>\n<p> Der Einbau beschr\u00e4nkt sich eigentlich auf das Wechseln von Decke und Schlauch von einer Felge zur anderen. Nach 5 Minuten war das erledigt. Dann noch den Stecker auf das Kabel vom Lumotec Frontscheinwerfer pfriemeln und &#8230; Licht! <\/p>\n<p style=\"text-align:center;\"><img decoding=\"async\" src=\"http:\/\/www.andreas-edler.de\/grafik\/blog_2010\/20101002_licht.jpg\" width=\"470\" border=\"0\" alt=\"\" title=\"\"><\/p>\n<p> Der Rollwiderstand ist so gut wie nicht zu sp\u00fcren. Wie auch, das Ding macht ja nur 3 Watt. Leider hatte ich kein zweiadriges Kabel mehr (da muss doch noch was hinten im Regal sein) und darum habe ich das R\u00fccklicht zwar an den Gep\u00e4cktr\u00e4ger gebaut (und dabei auch gleich das Schutzblech ordentlich befestigt), aber noch nicht angeschlossen. Am Lumotec sind ein paar Anschlussf\u00e4hnchen, kommt da das R\u00fccklicht dran? Spannung konnte ich mit dem Messger\u00e4t dort nicht finden. Hm. Muss mal nach einer Anleitung zum Verkabeln suchen &#8230;<\/p>\n","protected":false},"excerpt":{"rendered":"<p>Ich habe immer neidisch auf das Rad des Nachwuchs geschaut, denn der kann bei Dunkelheit mit einem ordentlichen Licht aus dem Nabendynamo auch was sehen. Ich mit meiner kleinen batteriebetriebenen LED-Funzel werde zwar gesehen, bleibe aber \u00fcber den Zustand des &hellip;<\/p>\n<p class=\"read-more\"> <a class=\"more-link\" href=\"https:\/\/www.andreas-edler.de\/blog\/2010\/10\/es-werde-licht-3\/\"> <span class=\"screen-reader-text\">Es werde Licht<\/span> Weiterlesen &raquo;<\/a><\/p>\n","protected":false},"author":1,"featured_media":0,"comment_status":"open","ping_status":"open","sticky":false,"template":"","format":"standard","meta":{"ngg_post_thumbnail":0,"activitypub_content_warning":"","activitypub_content_visibility":"","activitypub_max_image_attachments":2,"activitypub_interaction_policy_quote":"anyone","activitypub_status":"","footnotes":""},"categories":[22,15],"tags":[],"class_list":["post-8506","post","type-post","status-publish","format-standard","hentry","category-basteln","category-fahrrad"],"share_on_mastodon":{"url":"","error":""},"_links":{"self":[{"href":"https:\/\/www.andreas-edler.de\/blog\/wp-json\/wp\/v2\/posts\/8506","targetHints":{"allow":["GET"]}}],"collection":[{"href":"https:\/\/www.andreas-edler.de\/blog\/wp-json\/wp\/v2\/posts"}],"about":[{"href":"https:\/\/www.andreas-edler.de\/blog\/wp-json\/wp\/v2\/types\/post"}],"author":[{"embeddable":true,"href":"https:\/\/www.andreas-edler.de\/blog\/wp-json\/wp\/v2\/users\/1"}],"replies":[{"embeddable":true,"href":"https:\/\/www.andreas-edler.de\/blog\/wp-json\/wp\/v2\/comments?post=8506"}],"version-history":[{"count":0,"href":"https:\/\/www.andreas-edler.de\/blog\/wp-json\/wp\/v2\/posts\/8506\/revisions"}],"wp:attachment":[{"href":"https:\/\/www.andreas-edler.de\/blog\/wp-json\/wp\/v2\/media?parent=8506"}],"wp:term":[{"taxonomy":"category","embeddable":true,"href":"https:\/\/www.andreas-edler.de\/blog\/wp-json\/wp\/v2\/categories?post=8506"},{"taxonomy":"post_tag","embeddable":true,"href":"https:\/\/www.andreas-edler.de\/blog\/wp-json\/wp\/v2\/tags?post=8506"}],"curies":[{"name":"wp","href":"https:\/\/api.w.org\/{rel}","templated":true}]}}