{"id":8438,"date":"2010-09-18T10:02:03","date_gmt":"2010-09-18T08:02:03","guid":{"rendered":"http:\/\/www.andreas-edler.de\/blog\/?p=8438"},"modified":"2013-11-02T14:54:32","modified_gmt":"2013-11-02T13:54:32","slug":"prude","status":"publish","type":"post","link":"https:\/\/www.andreas-edler.de\/blog\/2010\/09\/prude\/","title":{"rendered":"Pr\u00fcde"},"content":{"rendered":"<p>Da sind aber wohl Leute ganz sch\u00f6n verkn\u00f6chert: <cite>Der Westen: <b><a href=\"http:\/\/www.derwesten.de\/staedte\/hattingen\/Aerger-wegen-heisser-Fotos-auf-dem-Loeschwagen-id3712547.html#derwestenRSS\">\u00c4rger wegen hei\u00dfer Fotos auf dem L\u00f6schwagen<\/a><\/b><br \/>\n&#8230; H\u00f6chst attraktive Damen eines Bochumer Domina-Studios lie\u00dfen sich in knapper Bekleidung und lasziven Posen vor und auf dem Einsatzwagen ablichten. F\u00fcr einen guten Zweck \u00fcbrigens. Wie es hei\u00dft, sind die Fotos f\u00fcr einen Sex-Kalender bestimmt, dessen Erl\u00f6s einem Kinderhospiz in Bochum zugute kommen soll &#8230; \u201eDie ganze Geschichte ist uns unendlich peinlich\u201c, r\u00e4umt Feuerwehrchef J\u00fcrgen Rabenschlag ein. \u201eSie verst\u00f6\u00dft gegen unseren Ehrenkodex und passt \u00fcberhaupt nicht zu uns.\u201c<\/cite> Mir war gar nicht bewusst, dass sich die Feuerwehr um den Erhalt der Moral k\u00fcmmert und gleichzeitig auch festlegt, was moralisch ist oder nicht. Die sollen sich so eine Aktion doch stolz auf die Fahnen schreiben &#8211; noch dazu bei dem Zweck des Kalenders. Da ist ja wohl nicht ansatzweise etwas Anr\u00fcchiges dran zu finden. Peinliches Verhalten kann ich da nur seitens der F\u00fchrung dieses Vereins erkennen.<\/p>\n","protected":false},"excerpt":{"rendered":"<p>Da sind aber wohl Leute ganz sch\u00f6n verkn\u00f6chert: Der Westen: \u00c4rger wegen hei\u00dfer Fotos auf dem L\u00f6schwagen &#8230; H\u00f6chst attraktive Damen eines Bochumer Domina-Studios lie\u00dfen sich in knapper Bekleidung und lasziven Posen vor und auf dem Einsatzwagen ablichten. F\u00fcr einen &hellip;<\/p>\n<p class=\"read-more\"> <a class=\"more-link\" href=\"https:\/\/www.andreas-edler.de\/blog\/2010\/09\/prude\/\"> <span class=\"screen-reader-text\">Pr\u00fcde<\/span> Weiterlesen &raquo;<\/a><\/p>\n","protected":false},"author":1,"featured_media":0,"comment_status":"open","ping_status":"open","sticky":false,"template":"","format":"standard","meta":{"ngg_post_thumbnail":0,"activitypub_content_warning":"","activitypub_content_visibility":"","activitypub_max_image_attachments":2,"activitypub_interaction_policy_quote":"anyone","activitypub_status":"","footnotes":""},"categories":[1],"tags":[63,59,19],"class_list":["post-8438","post","type-post","status-publish","format-standard","hentry","category-allgemein","tag-benehmen","tag-presse","tag-tagesgeschehen"],"share_on_mastodon":{"url":"","error":""},"_links":{"self":[{"href":"https:\/\/www.andreas-edler.de\/blog\/wp-json\/wp\/v2\/posts\/8438","targetHints":{"allow":["GET"]}}],"collection":[{"href":"https:\/\/www.andreas-edler.de\/blog\/wp-json\/wp\/v2\/posts"}],"about":[{"href":"https:\/\/www.andreas-edler.de\/blog\/wp-json\/wp\/v2\/types\/post"}],"author":[{"embeddable":true,"href":"https:\/\/www.andreas-edler.de\/blog\/wp-json\/wp\/v2\/users\/1"}],"replies":[{"embeddable":true,"href":"https:\/\/www.andreas-edler.de\/blog\/wp-json\/wp\/v2\/comments?post=8438"}],"version-history":[{"count":0,"href":"https:\/\/www.andreas-edler.de\/blog\/wp-json\/wp\/v2\/posts\/8438\/revisions"}],"wp:attachment":[{"href":"https:\/\/www.andreas-edler.de\/blog\/wp-json\/wp\/v2\/media?parent=8438"}],"wp:term":[{"taxonomy":"category","embeddable":true,"href":"https:\/\/www.andreas-edler.de\/blog\/wp-json\/wp\/v2\/categories?post=8438"},{"taxonomy":"post_tag","embeddable":true,"href":"https:\/\/www.andreas-edler.de\/blog\/wp-json\/wp\/v2\/tags?post=8438"}],"curies":[{"name":"wp","href":"https:\/\/api.w.org\/{rel}","templated":true}]}}