{"id":8429,"date":"2010-09-16T08:05:19","date_gmt":"2010-09-16T06:05:19","guid":{"rendered":"http:\/\/www.andreas-edler.de\/blog\/?p=8429"},"modified":"2013-11-02T14:54:32","modified_gmt":"2013-11-02T13:54:32","slug":"erkaltet","status":"publish","type":"post","link":"https:\/\/www.andreas-edler.de\/blog\/2010\/09\/erkaltet\/","title":{"rendered":"Erk\u00e4ltet"},"content":{"rendered":"<p>Ich bin echt genervt. Mindestens zweimal im Jahr bekomme ich einen Schnupfen. Und weil&#8217;s so sch\u00f6n ist, gilt bei dem nicht die alte Regel &#8222;Drei Tage kommt&#8217;s, drei Tage steht&#8217;s, 3 Tage geht&#8217;s&#8220; &#8230; nein, bei mir setzt sich das immer sch\u00f6n fest. Immer die rechte Seite, immer die Stirn- und Nebenh\u00f6hlen. Und das tut schei\u00dfe weh. Dieses Jahr bin ich sogar fr\u00fchzeitig zum HNO-Arzt, habe mir Nasen\u00f6l verschreiben lassen mit ein bisschen Kortison drin, damit erst gar nichts zu eitert. Hat aber nichts gebracht.<\/p>\n<p>Heute Nacht um kurz nach 1 bin ich vor Schmerzen aufgewacht und durch&#8217;s Haus getapert, habe ein Dampfbad gemacht, aus dem Fenster gestart und bin die Treppe rauf und runter gewandert. Irgendwann habe ich dann eine Ibuprofen 600 genommen und noch sp\u00e4ter hat es aus der Nase gezischt und gezwitscher, als irgendein Sabber aus der Stirnh\u00f6hle ganz langsam abgelaufen ist und der Druck &#8211; und somit der Schmerz &#8211; etwas nach lie\u00df. Ich bin ger\u00e4dert. Und jetzt ins B\u00fcro &#8230; heute abend ist Klassenpflegschaftssitzung und da m\u00f6chte ich gerne hin.<\/p>\n","protected":false},"excerpt":{"rendered":"<p>Ich bin echt genervt. Mindestens zweimal im Jahr bekomme ich einen Schnupfen. Und weil&#8217;s so sch\u00f6n ist, gilt bei dem nicht die alte Regel &#8222;Drei Tage kommt&#8217;s, drei Tage steht&#8217;s, 3 Tage geht&#8217;s&#8220; &#8230; nein, bei mir setzt sich das &hellip;<\/p>\n<p class=\"read-more\"> <a class=\"more-link\" href=\"https:\/\/www.andreas-edler.de\/blog\/2010\/09\/erkaltet\/\"> <span class=\"screen-reader-text\">Erk\u00e4ltet<\/span> Weiterlesen &raquo;<\/a><\/p>\n","protected":false},"author":1,"featured_media":0,"comment_status":"open","ping_status":"open","sticky":false,"template":"","format":"standard","meta":{"ngg_post_thumbnail":0,"activitypub_content_warning":"","activitypub_content_visibility":"","activitypub_max_image_attachments":2,"activitypub_interaction_policy_quote":"anyone","activitypub_status":"","footnotes":""},"categories":[1],"tags":[7],"class_list":["post-8429","post","type-post","status-publish","format-standard","hentry","category-allgemein","tag-gesundheit"],"share_on_mastodon":{"url":"","error":""},"_links":{"self":[{"href":"https:\/\/www.andreas-edler.de\/blog\/wp-json\/wp\/v2\/posts\/8429","targetHints":{"allow":["GET"]}}],"collection":[{"href":"https:\/\/www.andreas-edler.de\/blog\/wp-json\/wp\/v2\/posts"}],"about":[{"href":"https:\/\/www.andreas-edler.de\/blog\/wp-json\/wp\/v2\/types\/post"}],"author":[{"embeddable":true,"href":"https:\/\/www.andreas-edler.de\/blog\/wp-json\/wp\/v2\/users\/1"}],"replies":[{"embeddable":true,"href":"https:\/\/www.andreas-edler.de\/blog\/wp-json\/wp\/v2\/comments?post=8429"}],"version-history":[{"count":0,"href":"https:\/\/www.andreas-edler.de\/blog\/wp-json\/wp\/v2\/posts\/8429\/revisions"}],"wp:attachment":[{"href":"https:\/\/www.andreas-edler.de\/blog\/wp-json\/wp\/v2\/media?parent=8429"}],"wp:term":[{"taxonomy":"category","embeddable":true,"href":"https:\/\/www.andreas-edler.de\/blog\/wp-json\/wp\/v2\/categories?post=8429"},{"taxonomy":"post_tag","embeddable":true,"href":"https:\/\/www.andreas-edler.de\/blog\/wp-json\/wp\/v2\/tags?post=8429"}],"curies":[{"name":"wp","href":"https:\/\/api.w.org\/{rel}","templated":true}]}}