{"id":8394,"date":"2010-09-08T22:53:39","date_gmt":"2010-09-08T20:53:39","guid":{"rendered":"http:\/\/www.andreas-edler.de\/blog\/?p=8394"},"modified":"2010-09-08T22:53:39","modified_gmt":"2010-09-08T20:53:39","slug":"blitzer","status":"publish","type":"post","link":"https:\/\/www.andreas-edler.de\/blog\/2010\/09\/blitzer\/","title":{"rendered":"Blitzer"},"content":{"rendered":"<p>Wenn Kommunen oder die Polizei irgendwo Blitzer aufstellen, um die gefahrenen Geschwindigkeiten zu kontrollieren, gellt ein kollektiver &#8222;Abzocke&#8220;-Aufschrei durch die Autofahrergemeinde. Das jeder am Steuer eines KFZ es v\u00f6llig selbst in der Hand hat, ob er von so einem Blitzer erwischt wird oder nicht, scheint den meisten v\u00f6llig fremd. <cite>Westfalen-Blatt: <b><a href=\"http:\/\/www.westfalen-blatt.de\/nachrichten\/regional\/luebbecke_rss_erg.php?id=41622\">Nach t\u00f6dlichem Unfall: Ampel-Blitzer gefordert<\/a><\/b><br \/>\n&#8230; Er h\u00e4lt es f\u00fcr den richtigen Weg, an dieser Stelle \u00fcber einen station\u00e4re Blitzer f\u00fcr die Ampel nachzudenken. \u00bbDas spricht sich bei den Lkw-Fahrern sehr schnell herum &#8230; <\/cite> Wenn dann aber jemand stirbt, dann ist es pl\u00f6tzlich opportun, nach \u00dcberwachung zu rufen! Nicht falsch verstehen, ich bin da voll bei, an jeder Ampel der Mindener Stra\u00dfe einen Blitzer &#8211; und bitte pronto! Allerdings habe ich seit jeher nichts gegen Blitzer aller Arten.<\/p>\n","protected":false},"excerpt":{"rendered":"<p>Wenn Kommunen oder die Polizei irgendwo Blitzer aufstellen, um die gefahrenen Geschwindigkeiten zu kontrollieren, gellt ein kollektiver &#8222;Abzocke&#8220;-Aufschrei durch die Autofahrergemeinde. Das jeder am Steuer eines KFZ es v\u00f6llig selbst in der Hand hat, ob er von so einem Blitzer &hellip;<\/p>\n<p class=\"read-more\"> <a class=\"more-link\" href=\"https:\/\/www.andreas-edler.de\/blog\/2010\/09\/blitzer\/\"> <span class=\"screen-reader-text\">Blitzer<\/span> Weiterlesen &raquo;<\/a><\/p>\n","protected":false},"author":1,"featured_media":0,"comment_status":"open","ping_status":"open","sticky":false,"template":"","format":"standard","meta":{"ngg_post_thumbnail":0,"activitypub_content_warning":"","activitypub_content_visibility":"","activitypub_max_image_attachments":2,"activitypub_interaction_policy_quote":"anyone","activitypub_status":"","footnotes":""},"categories":[13],"tags":[37,73,71],"class_list":["post-8394","post","type-post","status-publish","format-standard","hentry","category-verkehr","tag-auto","tag-recht","tag-regeln"],"share_on_mastodon":{"url":"","error":""},"_links":{"self":[{"href":"https:\/\/www.andreas-edler.de\/blog\/wp-json\/wp\/v2\/posts\/8394","targetHints":{"allow":["GET"]}}],"collection":[{"href":"https:\/\/www.andreas-edler.de\/blog\/wp-json\/wp\/v2\/posts"}],"about":[{"href":"https:\/\/www.andreas-edler.de\/blog\/wp-json\/wp\/v2\/types\/post"}],"author":[{"embeddable":true,"href":"https:\/\/www.andreas-edler.de\/blog\/wp-json\/wp\/v2\/users\/1"}],"replies":[{"embeddable":true,"href":"https:\/\/www.andreas-edler.de\/blog\/wp-json\/wp\/v2\/comments?post=8394"}],"version-history":[{"count":0,"href":"https:\/\/www.andreas-edler.de\/blog\/wp-json\/wp\/v2\/posts\/8394\/revisions"}],"wp:attachment":[{"href":"https:\/\/www.andreas-edler.de\/blog\/wp-json\/wp\/v2\/media?parent=8394"}],"wp:term":[{"taxonomy":"category","embeddable":true,"href":"https:\/\/www.andreas-edler.de\/blog\/wp-json\/wp\/v2\/categories?post=8394"},{"taxonomy":"post_tag","embeddable":true,"href":"https:\/\/www.andreas-edler.de\/blog\/wp-json\/wp\/v2\/tags?post=8394"}],"curies":[{"name":"wp","href":"https:\/\/api.w.org\/{rel}","templated":true}]}}