{"id":8392,"date":"2010-09-08T22:16:21","date_gmt":"2010-09-08T20:16:21","guid":{"rendered":"http:\/\/www.andreas-edler.de\/blog\/?p=8392"},"modified":"2010-09-08T22:16:21","modified_gmt":"2010-09-08T20:16:21","slug":"realitatsverlust","status":"publish","type":"post","link":"https:\/\/www.andreas-edler.de\/blog\/2010\/09\/realitatsverlust\/","title":{"rendered":"Realit\u00e4tsverlust"},"content":{"rendered":"<p>Angesichts <a href=\"http:\/\/www.focus.de\/politik\/deutschland\/berlin-und-baden-wuertttemberg-gruene-im-umfragehoch_aid_549910.html\">solcher Zahlen<\/a>, kann man doch nur Realit\u00e4tsverlust konstantieren, wenn Guido Westerwelle im Interview sagt, die FDP w\u00fcrde gute Politik im Sinne der B\u00fcrger machen.<\/p>\n<p>CDU: 31%, SPD: 25%, Gr\u00fcne: 21%, Linke: 10%, FDP: 5%<\/p>\n<p>Mit gro\u00dfem Abstand die Partei mit dem wenigsten Zuspruch &#8211; das passiert doch nicht, weil man so geile Ideen hat, bei denen alle Halleluja schreien, oder?<\/p>\n","protected":false},"excerpt":{"rendered":"<p>Angesichts solcher Zahlen, kann man doch nur Realit\u00e4tsverlust konstantieren, wenn Guido Westerwelle im Interview sagt, die FDP w\u00fcrde gute Politik im Sinne der B\u00fcrger machen. CDU: 31%, SPD: 25%, Gr\u00fcne: 21%, Linke: 10%, FDP: 5% Mit gro\u00dfem Abstand die Partei &hellip;<\/p>\n<p class=\"read-more\"> <a class=\"more-link\" href=\"https:\/\/www.andreas-edler.de\/blog\/2010\/09\/realitatsverlust\/\"> <span class=\"screen-reader-text\">Realit\u00e4tsverlust<\/span> Weiterlesen &raquo;<\/a><\/p>\n","protected":false},"author":1,"featured_media":0,"comment_status":"open","ping_status":"open","sticky":false,"template":"","format":"standard","meta":{"ngg_post_thumbnail":0,"activitypub_content_warning":"","activitypub_content_visibility":"","activitypub_max_image_attachments":2,"activitypub_interaction_policy_quote":"anyone","activitypub_status":"","footnotes":""},"categories":[45],"tags":[34,23],"class_list":["post-8392","post","type-post","status-publish","format-standard","hentry","category-politik","tag-kommunikation","tag-medien"],"share_on_mastodon":{"url":"","error":""},"_links":{"self":[{"href":"https:\/\/www.andreas-edler.de\/blog\/wp-json\/wp\/v2\/posts\/8392","targetHints":{"allow":["GET"]}}],"collection":[{"href":"https:\/\/www.andreas-edler.de\/blog\/wp-json\/wp\/v2\/posts"}],"about":[{"href":"https:\/\/www.andreas-edler.de\/blog\/wp-json\/wp\/v2\/types\/post"}],"author":[{"embeddable":true,"href":"https:\/\/www.andreas-edler.de\/blog\/wp-json\/wp\/v2\/users\/1"}],"replies":[{"embeddable":true,"href":"https:\/\/www.andreas-edler.de\/blog\/wp-json\/wp\/v2\/comments?post=8392"}],"version-history":[{"count":0,"href":"https:\/\/www.andreas-edler.de\/blog\/wp-json\/wp\/v2\/posts\/8392\/revisions"}],"wp:attachment":[{"href":"https:\/\/www.andreas-edler.de\/blog\/wp-json\/wp\/v2\/media?parent=8392"}],"wp:term":[{"taxonomy":"category","embeddable":true,"href":"https:\/\/www.andreas-edler.de\/blog\/wp-json\/wp\/v2\/categories?post=8392"},{"taxonomy":"post_tag","embeddable":true,"href":"https:\/\/www.andreas-edler.de\/blog\/wp-json\/wp\/v2\/tags?post=8392"}],"curies":[{"name":"wp","href":"https:\/\/api.w.org\/{rel}","templated":true}]}}