{"id":8341,"date":"2010-08-29T12:19:09","date_gmt":"2010-08-29T10:19:09","guid":{"rendered":"http:\/\/www.andreas-edler.de\/blog\/?p=8341"},"modified":"2010-08-29T12:21:20","modified_gmt":"2010-08-29T10:21:20","slug":"gehwegradeln","status":"publish","type":"post","link":"https:\/\/www.andreas-edler.de\/blog\/2010\/08\/gehwegradeln\/","title":{"rendered":"Gehwegradeln"},"content":{"rendered":"<p>Auch wenn <a href=\"http:\/\/www.andreas-edler.de\/blog\/2010\/08\/da-passiert-mal-was-sinnvolles\/\">andernorts<\/a> sogar gefordert wird, man solle doch die Regeln ignorieren und auf Gehwegen fahren, gibt es viele Gr\u00fcnde, die dagegen sprechen. Einer ist, dass Geh- und Radwege gerne als Parkplatz benutzt werden. Hatte ich hier ja schon mehrfach. <\/p>\n<p style=\"text-align:center;\"><img decoding=\"async\" src=\"http:\/\/www.andreas-edler.de\/grafik\/blog_2010\/20100829_gehwegparker.jpg\" width=\"470\" border=\"0\" alt=\"\" title=\"\"><\/p>\n<p> 30-Zone, ewig breite Fahrbahn, es gibt gar keinen Grund, hier auf dem Gehweg zu parken. Richtigerweise gibt es f\u00fcr den Erwachsenen auch keinen Grund, dort zu fahren. Aber das Kind muss das! <\/p>\n<p style=\"text-align:center;font-size: smaller;\"><img decoding=\"async\" src=\"http:\/\/www.andreas-edler.de\/grafik\/blog_2010\/20100829_rote_ampel.jpg\" width=\"470\" border=\"0\" alt=\"\" title=\"\"><\/p>\n<p> Der Radler h\u00e4tte \u00fcbrigens die Fahrbahn queren k\u00f6nnen, wenn sie nicht versperrt gewesen w\u00e4re. Rot wurde es f\u00fcr den Radfahrer erst sp\u00e4ter, der Autofahrer stand eine komplette Ampelphase so.<\/p>\n","protected":false},"excerpt":{"rendered":"<p>Auch wenn andernorts sogar gefordert wird, man solle doch die Regeln ignorieren und auf Gehwegen fahren, gibt es viele Gr\u00fcnde, die dagegen sprechen. Einer ist, dass Geh- und Radwege gerne als Parkplatz benutzt werden. Hatte ich hier ja schon mehrfach. &hellip;<\/p>\n<p class=\"read-more\"> <a class=\"more-link\" href=\"https:\/\/www.andreas-edler.de\/blog\/2010\/08\/gehwegradeln\/\"> <span class=\"screen-reader-text\">Gehwegradeln<\/span> Weiterlesen &raquo;<\/a><\/p>\n","protected":false},"author":1,"featured_media":0,"comment_status":"open","ping_status":"open","sticky":false,"template":"","format":"standard","meta":{"ngg_post_thumbnail":0,"activitypub_content_warning":"","activitypub_content_visibility":"","activitypub_max_image_attachments":2,"activitypub_interaction_policy_quote":"anyone","activitypub_status":"","footnotes":""},"categories":[15,13],"tags":[37,63,73,71],"class_list":["post-8341","post","type-post","status-publish","format-standard","hentry","category-fahrrad","category-verkehr","tag-auto","tag-benehmen","tag-recht","tag-regeln"],"share_on_mastodon":{"url":"","error":""},"_links":{"self":[{"href":"https:\/\/www.andreas-edler.de\/blog\/wp-json\/wp\/v2\/posts\/8341","targetHints":{"allow":["GET"]}}],"collection":[{"href":"https:\/\/www.andreas-edler.de\/blog\/wp-json\/wp\/v2\/posts"}],"about":[{"href":"https:\/\/www.andreas-edler.de\/blog\/wp-json\/wp\/v2\/types\/post"}],"author":[{"embeddable":true,"href":"https:\/\/www.andreas-edler.de\/blog\/wp-json\/wp\/v2\/users\/1"}],"replies":[{"embeddable":true,"href":"https:\/\/www.andreas-edler.de\/blog\/wp-json\/wp\/v2\/comments?post=8341"}],"version-history":[{"count":0,"href":"https:\/\/www.andreas-edler.de\/blog\/wp-json\/wp\/v2\/posts\/8341\/revisions"}],"wp:attachment":[{"href":"https:\/\/www.andreas-edler.de\/blog\/wp-json\/wp\/v2\/media?parent=8341"}],"wp:term":[{"taxonomy":"category","embeddable":true,"href":"https:\/\/www.andreas-edler.de\/blog\/wp-json\/wp\/v2\/categories?post=8341"},{"taxonomy":"post_tag","embeddable":true,"href":"https:\/\/www.andreas-edler.de\/blog\/wp-json\/wp\/v2\/tags?post=8341"}],"curies":[{"name":"wp","href":"https:\/\/api.w.org\/{rel}","templated":true}]}}