{"id":8319,"date":"2010-08-23T18:12:31","date_gmt":"2010-08-23T16:12:31","guid":{"rendered":"http:\/\/www.andreas-edler.de\/blog\/?p=8319"},"modified":"2013-11-02T14:54:33","modified_gmt":"2013-11-02T13:54:33","slug":"sachverstand","status":"publish","type":"post","link":"https:\/\/www.andreas-edler.de\/blog\/2010\/08\/sachverstand\/","title":{"rendered":"Sachverstand?"},"content":{"rendered":"<p><cite>sueddeutsche.de: <b><a href=\"http:\/\/www.sueddeutsche.de\/muenchen\/dachau\/vermischtes\/polizist-wegen-kinderpornos-verurteilt-nicht-willentlich-angeklickt-1.987163\">Nicht willentlich angeklickt<\/a><\/b><br \/>\n&#8230; Er hatte 450 kinderpornografische Dateien auf seinem Rechner &#8211; trotzdem darf ein Polizist aus Dachau im Dienst bleiben: Die Verwaltungsrichter haben die Suspendierung aufgehoben &#8230; Es sei nicht zu kl\u00e4ren, so das Gericht, ob der Beamte die kinderpornografischen Dateien &#8222;willentlich&#8220; angeklickt habe. Die Richter des Senats f\u00fcr Disziplinarsachen folgten damit den Ausf\u00fchrungen eines Sachverst\u00e4ndigen &#8230;<\/cite> Meine Fresse, aber Herr Tauss muss gehen? Ich finde das zum Kotzen. Es \u00f6ffnen sich nicht einfach irgendwelche Fenster mit Kinderpornografie &#8211; das ist ein M\u00e4rchen. In den letzten 15 Jahren habe ich derartiges noch nicht zu Gesicht bekommen. Den Sachverstand des Sachverst\u00e4ndigen zweifle ich insofern an. Vor allen Dingen &#8230; \u00fcber zehntausend Pornobildchen &#8211; nichts dagegen einzuwenden im \u00dcbrigen &#8211; auf dem Rechner h\u00f6ren sich nicht nach dem Browsercache an. Wenn die knapp 400 Kinderpornobilder in der gleichen Ordnerstruktur lagen, ist das mit dem &#8222;aus Versehen&#8220; eine saud\u00fcnne Sache.<\/p>\n<p><a href=\"http:\/\/blog.fefe.de\/?ts=b2905421\">via: fefe<\/a><\/p>\n","protected":false},"excerpt":{"rendered":"<p>sueddeutsche.de: Nicht willentlich angeklickt &#8230; Er hatte 450 kinderpornografische Dateien auf seinem Rechner &#8211; trotzdem darf ein Polizist aus Dachau im Dienst bleiben: Die Verwaltungsrichter haben die Suspendierung aufgehoben &#8230; Es sei nicht zu kl\u00e4ren, so das Gericht, ob der &hellip;<\/p>\n<p class=\"read-more\"> <a class=\"more-link\" href=\"https:\/\/www.andreas-edler.de\/blog\/2010\/08\/sachverstand\/\"> <span class=\"screen-reader-text\">Sachverstand?<\/span> Weiterlesen &raquo;<\/a><\/p>\n","protected":false},"author":1,"featured_media":0,"comment_status":"open","ping_status":"open","sticky":false,"template":"","format":"standard","meta":{"ngg_post_thumbnail":0,"activitypub_content_warning":"","activitypub_content_visibility":"","activitypub_max_image_attachments":2,"activitypub_interaction_policy_quote":"anyone","activitypub_status":"","footnotes":""},"categories":[1],"tags":[73,71,6],"class_list":["post-8319","post","type-post","status-publish","format-standard","hentry","category-allgemein","tag-recht","tag-regeln","tag-web"],"share_on_mastodon":{"url":"","error":""},"_links":{"self":[{"href":"https:\/\/www.andreas-edler.de\/blog\/wp-json\/wp\/v2\/posts\/8319","targetHints":{"allow":["GET"]}}],"collection":[{"href":"https:\/\/www.andreas-edler.de\/blog\/wp-json\/wp\/v2\/posts"}],"about":[{"href":"https:\/\/www.andreas-edler.de\/blog\/wp-json\/wp\/v2\/types\/post"}],"author":[{"embeddable":true,"href":"https:\/\/www.andreas-edler.de\/blog\/wp-json\/wp\/v2\/users\/1"}],"replies":[{"embeddable":true,"href":"https:\/\/www.andreas-edler.de\/blog\/wp-json\/wp\/v2\/comments?post=8319"}],"version-history":[{"count":0,"href":"https:\/\/www.andreas-edler.de\/blog\/wp-json\/wp\/v2\/posts\/8319\/revisions"}],"wp:attachment":[{"href":"https:\/\/www.andreas-edler.de\/blog\/wp-json\/wp\/v2\/media?parent=8319"}],"wp:term":[{"taxonomy":"category","embeddable":true,"href":"https:\/\/www.andreas-edler.de\/blog\/wp-json\/wp\/v2\/categories?post=8319"},{"taxonomy":"post_tag","embeddable":true,"href":"https:\/\/www.andreas-edler.de\/blog\/wp-json\/wp\/v2\/tags?post=8319"}],"curies":[{"name":"wp","href":"https:\/\/api.w.org\/{rel}","templated":true}]}}