{"id":8247,"date":"2010-08-01T11:38:03","date_gmt":"2010-08-01T09:38:03","guid":{"rendered":"http:\/\/www.andreas-edler.de\/blog\/?p=8247"},"modified":"2010-08-01T11:38:03","modified_gmt":"2010-08-01T09:38:03","slug":"was-ich-heute-kann-besorgen","status":"publish","type":"post","link":"https:\/\/www.andreas-edler.de\/blog\/2010\/08\/was-ich-heute-kann-besorgen\/","title":{"rendered":"Was ich heute kann besorgen &#8230;"},"content":{"rendered":"<p>Im Zuge der Bauma\u00dfnahmen der A30n (Nordumgehung) ist auch der Else-Werre-Radweg bzw. der Radweg auf der gegen\u00fcberliegenden Seite der Werre in Mitleidenschaft gezogen &#8211; sprich: gesperrt. Das wird sich wohl auch noch etwas hinziehen. Es ist erstaunlich, wie schnell sich die Natur das dann zur\u00fcck erobert. <\/p>\n<p style=\"text-align:center;\"><img decoding=\"async\" src=\"http:\/\/www.andreas-edler.de\/grafik\/blog_2010\/20100731_werreradweg_3.jpg\" width=\"470\" border=\"0\" alt=\"\" title=\"\"><\/p>\n<p style=\"text-align:center;\"><img decoding=\"async\" src=\"http:\/\/www.andreas-edler.de\/grafik\/blog_2010\/20100731_werreradweg_4.jpg\" width=\"470\" border=\"0\" alt=\"\" title=\"\"><\/p>\n<p> Ich wollte, nachdem ich diese Bilder gemacht hatte, erst einen Meckerbeitrag schreiben und darauf hinweisen, dass es doch wahrscheinlich insgesamt weniger Aufwand ist, etwas zu pflegen auch wenn&#8217;s gerade mal nicht in Benutzung ist, statt es total verkommen zu lassen und dann komplett neu zu machen. Aber irgendwie gef\u00e4llt mir dieses Wilde und Ungepflegte. <\/p>\n<p>Sieht wirklich sch\u00f6n aus und es macht &#8211; bei gutem Wetter &#8211; Spa\u00df dort entlang zu fahren. Wenn&#8217;s nass ist, tr\u00fcbt die Feuchtigkeit das Vergn\u00fcgen doch nachhaltig. Als ich gestern dort rumfuhr, um <a href=\"http:\/\/www.andreas-edler.de\/blog\/2010\/07\/kleine-runde-zur-nordumgehung\/\">ein paar Bilder von den neuen Br\u00fcckenpfeilern<\/a> zu machen, stellte ich fest, dass zwischenzeitlich doch jemand t\u00e4tig geworden sein muss. Und da stellte sich mir dann doch die Frage, ob es nicht besser ist, richtig aufzur\u00e4umen, statt nur die Spitzen zu beschneiden. <\/p>\n<p style=\"text-align:center;\"><img decoding=\"async\" src=\"http:\/\/www.andreas-edler.de\/grafik\/blog_2010\/20100731_werreradweg_1.jpg\" width=\"470\" border=\"0\" alt=\"\" title=\"\"><\/p>\n<p> Das wuchert doch alles noch mehr zu und ich glaube schon jetzt bekommt man die Pflastersteine nur noch durch hochnehmen und neu Verlegen wieder in Ordnung. Bin ein bisschen ratlos, was ich von dieser Halbpflege halten soll. <\/p>\n<p style=\"text-align:center;\"><img decoding=\"async\" src=\"http:\/\/www.andreas-edler.de\/grafik\/blog_2010\/20100731_werreradweg_2.jpg\" width=\"470\" border=\"0\" alt=\"\" title=\"\"><\/p>\n<p> Weil, sicherer wird es dadurch nicht. Im Gegenteil. Wenn es es nass ist und der Weg wieder freigegeben wird, dann hat man hier &#8217;ne schicke Rutschbahn. Von der ganzen Matsche, die unter den Br\u00fccken h\u00f6chst selten ger\u00e4umt wird mal ganz abgesehen.<\/p>\n","protected":false},"excerpt":{"rendered":"<p>Im Zuge der Bauma\u00dfnahmen der A30n (Nordumgehung) ist auch der Else-Werre-Radweg bzw. der Radweg auf der gegen\u00fcberliegenden Seite der Werre in Mitleidenschaft gezogen &#8211; sprich: gesperrt. Das wird sich wohl auch noch etwas hinziehen. Es ist erstaunlich, wie schnell sich &hellip;<\/p>\n<p class=\"read-more\"> <a class=\"more-link\" href=\"https:\/\/www.andreas-edler.de\/blog\/2010\/08\/was-ich-heute-kann-besorgen\/\"> <span class=\"screen-reader-text\">Was ich heute kann besorgen &#8230;<\/span> Weiterlesen &raquo;<\/a><\/p>\n","protected":false},"author":1,"featured_media":0,"comment_status":"open","ping_status":"open","sticky":false,"template":"","format":"standard","meta":{"ngg_post_thumbnail":0,"activitypub_content_warning":"","activitypub_content_visibility":"","activitypub_max_image_attachments":2,"activitypub_interaction_policy_quote":"anyone","activitypub_status":"","footnotes":""},"categories":[14],"tags":[33],"class_list":["post-8247","post","type-post","status-publish","format-standard","hentry","category-bad-oeynhausen","tag-service"],"share_on_mastodon":{"url":"","error":""},"_links":{"self":[{"href":"https:\/\/www.andreas-edler.de\/blog\/wp-json\/wp\/v2\/posts\/8247","targetHints":{"allow":["GET"]}}],"collection":[{"href":"https:\/\/www.andreas-edler.de\/blog\/wp-json\/wp\/v2\/posts"}],"about":[{"href":"https:\/\/www.andreas-edler.de\/blog\/wp-json\/wp\/v2\/types\/post"}],"author":[{"embeddable":true,"href":"https:\/\/www.andreas-edler.de\/blog\/wp-json\/wp\/v2\/users\/1"}],"replies":[{"embeddable":true,"href":"https:\/\/www.andreas-edler.de\/blog\/wp-json\/wp\/v2\/comments?post=8247"}],"version-history":[{"count":0,"href":"https:\/\/www.andreas-edler.de\/blog\/wp-json\/wp\/v2\/posts\/8247\/revisions"}],"wp:attachment":[{"href":"https:\/\/www.andreas-edler.de\/blog\/wp-json\/wp\/v2\/media?parent=8247"}],"wp:term":[{"taxonomy":"category","embeddable":true,"href":"https:\/\/www.andreas-edler.de\/blog\/wp-json\/wp\/v2\/categories?post=8247"},{"taxonomy":"post_tag","embeddable":true,"href":"https:\/\/www.andreas-edler.de\/blog\/wp-json\/wp\/v2\/tags?post=8247"}],"curies":[{"name":"wp","href":"https:\/\/api.w.org\/{rel}","templated":true}]}}