{"id":8159,"date":"2010-07-23T14:11:50","date_gmt":"2010-07-23T12:11:50","guid":{"rendered":"http:\/\/www.andreas-edler.de\/blog\/2010\/07\/einfach-noch-mal-drber\/"},"modified":"2010-07-23T14:20:23","modified_gmt":"2010-07-23T12:20:23","slug":"einfach-noch-mal-drber","status":"publish","type":"post","link":"https:\/\/www.andreas-edler.de\/blog\/2010\/07\/einfach-noch-mal-drber\/","title":{"rendered":"Einfach noch mal dr&uuml;ber"},"content":{"rendered":"<p><cite>Lippische Landeszeitung: <b><a href=\"http:\/\/www.lz-online.de\/aktuelles\/letzte_meldungen_aus_lippe\/3666944_77-jaehrige_Radfahrerin_von_Pkw_ueberrollt.html\">77-j\u00e4hrige Radfahrerin von Pkw \u00fcberrollt<\/a><\/b> &#8230; Zu einer Kollision war es vor dem Sturz noch nicht gekommen. Doch dann \u00fcberrollte der Autofahrer mit einer Achse die am Boden liegende Frau. Nach den bisherigen Stand hielt er erschrocken an, konnte sich aber das Ger\u00e4usch nicht erkl\u00e4ren und setzte zur\u00fcck, wobei er den Fu\u00df der Frau nochmals \u00fcberfuhr &#8230;<\/cite> Hier ist wieder das, was ich an den Polizeiberichten (<a ref=\"http:\/\/www.presseportal.de\/polizeipresse\/pm\/12727\/1653000\/polizei_lippe\">denn genau daher kommt diese Information<\/a>) so kritisiere: die Dame ist &#8222;entgegen gesetzt der Fahrtrichtung&#8220; gefahren. Ja und? Das ist an vielen, vielen Stellen genau so vorgeschrieben und ich wette, dass die allermeisten Autofahrer an einer Einm\u00fcndung nicht sagen k\u00f6nnen, ob da gerade ein Radfahrer von rechts kommen darf, muss oder k\u00f6nnte. Er weiss es einfach nicht &#8211; was auch nicht verwunderlich ist, weil die vom Gesetztgeber gemachten Regelungen diesbez\u00fcglich einfach gro\u00dfer Mist sind. <\/p>\n<p> Noch gr\u00f6\u00dferer Mist ist nat\u00fcrlich, wenn in der Berichterstattung in solchen F\u00e4llen immer eplizit darauf hingewiesen wird, dass hier &#8222;entgegengesetzt der Fahrtrichtung&#8220; gefahren wird. Ja, das ist doof, aber es \u00e4ndert exakt gar nichts daran, dass ein Autofahrer nicht auch nach rechts gucken muss, denn ein Fu\u00dfg\u00e4nger h\u00e4tte trotzdem Vorrang. Und ich wei\u00df genau, wie ein &#8222;ich bin doch vorsichtig auf den Gehweg gefahren&#8220; in der Praxis aussieht. <\/p>\n<p> Noch viel unverst\u00e4ndlicher ist nat\u00fcrlich dann auch noch eine bereits gest\u00fcrzte Dame zu \u00fcberollen und &#8211; obwohl schon etwas unerkl\u00e4rliches passiert ist &#8211; stumpf noch mal dr\u00fcber zu fahren. Wo lernt man denn soetwas. Ich fasse es ja nicht. Ich w\u00fcnsche mir in solchen F\u00e4llen immer auch einen deutlichen Hinweis an die Autofahrer, doch bitte etwas mehr aufzupassen. Denn verursacht hat hier meiner Meinung nach der Autofahrer den Unfall. <\/p>\n<p> Und das passiert st\u00e4ndig. Gleich noch eine Meldung ohne den expliziten Hinweis auf die &#8222;falsche Fahrtrichtung&#8220;. Bedeutet das dann, dass in diesem Fall die 38-j\u00e4hrige dort fahren durfte oder musste? <cite>Polizei Lippe: <b><a href=\"http:\/\/www.presseportal.de\/polizeipresse\/pm\/12727\/1653001\/polizei_lippe\">Radfahrerin \u00fcbersehen<\/a><\/b> &#8230; Gegen 17.30 Uhr verlie\u00df eine 56-J\u00e4hrige mit ihrem Opel Astra den Parkplatz eines Marktes und \u00fcbersah dabei die von rechts kommende und auf der Oerlinghauser Stra\u00dfe fahrende Radlerin. Die 38-J\u00e4hrige prallte gegen den PKW &#8230;<\/cite> Gleicher Hergang, gl\u00fccklicherweise glimpflicherer Ausgang. Aber es zeigt deutlich, dass es f\u00fcr einen Autofahrer in so einer Situation v\u00f6llig unerheblich ist, ob ein Radfahrer dort fahren darf oder nicht. Es ist eben viel zu uneinheitlich geregelt. <\/p>\n<p> Es sollte \u00fcberhaupt gar keine linksseitigen Radwege geben. Und Benutzungspflichten f\u00fcr so einen Mist schon mal lange nicht!   <\/p>\n","protected":false},"excerpt":{"rendered":"<p>Lippische Landeszeitung: 77-j\u00e4hrige Radfahrerin von Pkw \u00fcberrollt &#8230; Zu einer Kollision war es vor dem Sturz noch nicht gekommen. Doch dann \u00fcberrollte der Autofahrer mit einer Achse die am Boden liegende Frau. Nach den bisherigen Stand hielt er erschrocken an, &hellip;<\/p>\n<p class=\"read-more\"> <a class=\"more-link\" href=\"https:\/\/www.andreas-edler.de\/blog\/2010\/07\/einfach-noch-mal-drber\/\"> <span class=\"screen-reader-text\">Einfach noch mal dr&uuml;ber<\/span> Weiterlesen &raquo;<\/a><\/p>\n","protected":false},"author":1,"featured_media":0,"comment_status":"open","ping_status":"open","sticky":false,"template":"","format":"standard","meta":{"ngg_post_thumbnail":0,"activitypub_content_warning":"","activitypub_content_visibility":"","activitypub_max_image_attachments":2,"activitypub_interaction_policy_quote":"anyone","activitypub_status":"","footnotes":""},"categories":[1],"tags":[],"class_list":["post-8159","post","type-post","status-publish","format-standard","hentry","category-allgemein"],"share_on_mastodon":{"url":"","error":""},"_links":{"self":[{"href":"https:\/\/www.andreas-edler.de\/blog\/wp-json\/wp\/v2\/posts\/8159","targetHints":{"allow":["GET"]}}],"collection":[{"href":"https:\/\/www.andreas-edler.de\/blog\/wp-json\/wp\/v2\/posts"}],"about":[{"href":"https:\/\/www.andreas-edler.de\/blog\/wp-json\/wp\/v2\/types\/post"}],"author":[{"embeddable":true,"href":"https:\/\/www.andreas-edler.de\/blog\/wp-json\/wp\/v2\/users\/1"}],"replies":[{"embeddable":true,"href":"https:\/\/www.andreas-edler.de\/blog\/wp-json\/wp\/v2\/comments?post=8159"}],"version-history":[{"count":0,"href":"https:\/\/www.andreas-edler.de\/blog\/wp-json\/wp\/v2\/posts\/8159\/revisions"}],"wp:attachment":[{"href":"https:\/\/www.andreas-edler.de\/blog\/wp-json\/wp\/v2\/media?parent=8159"}],"wp:term":[{"taxonomy":"category","embeddable":true,"href":"https:\/\/www.andreas-edler.de\/blog\/wp-json\/wp\/v2\/categories?post=8159"},{"taxonomy":"post_tag","embeddable":true,"href":"https:\/\/www.andreas-edler.de\/blog\/wp-json\/wp\/v2\/tags?post=8159"}],"curies":[{"name":"wp","href":"https:\/\/api.w.org\/{rel}","templated":true}]}}