{"id":8125,"date":"2010-07-14T16:32:26","date_gmt":"2010-07-14T14:32:26","guid":{"rendered":"http:\/\/www.andreas-edler.de\/blog\/?p=8125"},"modified":"2010-07-14T18:06:09","modified_gmt":"2010-07-14T16:06:09","slug":"opposition-bedeutet-dagegen","status":"publish","type":"post","link":"https:\/\/www.andreas-edler.de\/blog\/2010\/07\/opposition-bedeutet-dagegen\/","title":{"rendered":"Opposition bedeutet &#8222;dagegen&#8220;?"},"content":{"rendered":"<p>Tja Herr Laschet, genau diese Kindergarten-Auffassung verhindert \u00fcberall ein vern\u00fcnftiges Regieren. Wenn alles was die Regierung macht von der Opposition grunds\u00e4tzlich und kategorisch nicht mitgetragen wird, kann auch kein Vorankommen stattfinden. Oder wie soll ich sonst die Aussagen verstehen? <cite>focus.de: <b><a href=\"http:\/\/www.focus.de\/politik\/deutschland\/bundesrat-gruene-wollen-neue-macht-ausnutzen_aid_530271.html\">CDU findet sich mit Oppositionsrolle ab<\/a><\/b><br \/>\n&#8230; \u201eDieses gro\u00dfe Industrieland wird nun von einer Regierung regiert, die in jeder Einzelfrage die Stimmen der Linken braucht. Das ist ein Novum\u201c, sagte Laschet. Die T\u00fcr f\u00fcr eine gro\u00dfe Koalition von SPD und CDU sei nicht zu, \u201eaber solange Frau Kraft sagt, wir wollen eben die Koalition mit der CDU oder der FDP nicht, solange m\u00fcssen wir auch die uns vom W\u00e4hler zugewiesene Rolle der Opposition annehmen\u201c &#8230;<\/cite> Der W\u00e4hler hat in erster Linie gesagt, dass die CDU und FDP in der Vergangenheit soviel Mist gemacht haben, dass sie eben nicht mehr die Regierung stellen sollen. Das kann man ziemlich gut aus dem Wahlergebnis ablesen glaube ich. Der W\u00e4hler hat nicht gesagt, dass man aus dieser Klatsche nicht lernen darf und seine Verhaltensweisen nicht anpassen soll.<\/p>\n<p>Opposition bedeutet nicht, es einer Regierung aus Prinzip schwer zu machen. Dieses engstirnige Fraktionendenken, welches Herr Laschet hier raush\u00e4ngen l\u00e4sst, verhindert effektiv eine sinnvolle Besch\u00e4ftigung mit wirklichen L\u00f6sungen. Mir ist es doch schei\u00dfegal, ob ein guter Vorschlag von der CDU oder der SPD kommt, solange er gut ist. Und nur weil ich in der Opposition bin, stimme ich dann doch nicht dagegen. Und beim besten Willen kann mir niemand erz\u00e4hlen, dass in einer Fraktion immer alle einer Meinung sind. Echt nicht.<\/p>\n","protected":false},"excerpt":{"rendered":"<p>Tja Herr Laschet, genau diese Kindergarten-Auffassung verhindert \u00fcberall ein vern\u00fcnftiges Regieren. Wenn alles was die Regierung macht von der Opposition grunds\u00e4tzlich und kategorisch nicht mitgetragen wird, kann auch kein Vorankommen stattfinden. Oder wie soll ich sonst die Aussagen verstehen? focus.de: &hellip;<\/p>\n<p class=\"read-more\"> <a class=\"more-link\" href=\"https:\/\/www.andreas-edler.de\/blog\/2010\/07\/opposition-bedeutet-dagegen\/\"> <span class=\"screen-reader-text\">Opposition bedeutet &#8222;dagegen&#8220;?<\/span> Weiterlesen &raquo;<\/a><\/p>\n","protected":false},"author":1,"featured_media":0,"comment_status":"open","ping_status":"open","sticky":false,"template":"","format":"standard","meta":{"ngg_post_thumbnail":0,"activitypub_content_warning":"","activitypub_content_visibility":"","activitypub_max_image_attachments":2,"activitypub_interaction_policy_quote":"anyone","activitypub_status":"","footnotes":""},"categories":[45],"tags":[63,71],"class_list":["post-8125","post","type-post","status-publish","format-standard","hentry","category-politik","tag-benehmen","tag-regeln"],"share_on_mastodon":{"url":"","error":""},"_links":{"self":[{"href":"https:\/\/www.andreas-edler.de\/blog\/wp-json\/wp\/v2\/posts\/8125","targetHints":{"allow":["GET"]}}],"collection":[{"href":"https:\/\/www.andreas-edler.de\/blog\/wp-json\/wp\/v2\/posts"}],"about":[{"href":"https:\/\/www.andreas-edler.de\/blog\/wp-json\/wp\/v2\/types\/post"}],"author":[{"embeddable":true,"href":"https:\/\/www.andreas-edler.de\/blog\/wp-json\/wp\/v2\/users\/1"}],"replies":[{"embeddable":true,"href":"https:\/\/www.andreas-edler.de\/blog\/wp-json\/wp\/v2\/comments?post=8125"}],"version-history":[{"count":0,"href":"https:\/\/www.andreas-edler.de\/blog\/wp-json\/wp\/v2\/posts\/8125\/revisions"}],"wp:attachment":[{"href":"https:\/\/www.andreas-edler.de\/blog\/wp-json\/wp\/v2\/media?parent=8125"}],"wp:term":[{"taxonomy":"category","embeddable":true,"href":"https:\/\/www.andreas-edler.de\/blog\/wp-json\/wp\/v2\/categories?post=8125"},{"taxonomy":"post_tag","embeddable":true,"href":"https:\/\/www.andreas-edler.de\/blog\/wp-json\/wp\/v2\/tags?post=8125"}],"curies":[{"name":"wp","href":"https:\/\/api.w.org\/{rel}","templated":true}]}}