{"id":8020,"date":"2010-07-02T21:37:19","date_gmt":"2010-07-02T19:37:19","guid":{"rendered":"http:\/\/www.andreas-edler.de\/blog\/?p=8020"},"modified":"2010-07-02T21:37:19","modified_gmt":"2010-07-02T19:37:19","slug":"ganz-langsam-abgebogen","status":"publish","type":"post","link":"https:\/\/www.andreas-edler.de\/blog\/2010\/07\/ganz-langsam-abgebogen\/","title":{"rendered":"Ganz langsam abgebogen"},"content":{"rendered":"<p><cite>Polizei MI: <b><a href=\"http:\/\/www.presseportal.de\/polizeipresse\/pm\/43553\/1641645\/polizei_minden_luebbecke\/rss\">Unfall mit verletztem Radfahrer<\/a><\/b><br \/>\n&#8230; Aufgrund eines R\u00fcckstaus auf der Gegenfahrbahn konnte sie nicht sofort abbiegen und hielt. Ein Busfahrer auf der Gegenfahrbahn hielt eine L\u00fccke zum Abbiegen frei und die 19-j\u00e4hrige bog langsam nach links ab. Hierbei kam es zum Zusammensto\u00df mit einem 17-j\u00e4hrigem Radfahrer, welcher in entgegengesetzter Richtung fuhr &#8230;<\/cite> Nein wirklich, da konnte das M\u00e4dchen echt nichts zu. Wenn doch der Busfahrer extra anh\u00e4lt, dann muss sie zwingend los fahren. Sch\u00f6n &#8222;langsam&#8220; h\u00e4tte sie doch alle Zeit der Welt gehabt, den Radfahrer &#8211; der der obigen Beschreibung nach Vorfahrt hatte &#8211; zu bemerken.<\/p>\n<p>Liebe Polizei, bitte schreibt doch mal ausdr\u00fccklich dazu, welcher Versto\u00df es war. Macht ihr bei den Radfahrern doch auch.<\/p>\n","protected":false},"excerpt":{"rendered":"<p>Polizei MI: Unfall mit verletztem Radfahrer &#8230; Aufgrund eines R\u00fcckstaus auf der Gegenfahrbahn konnte sie nicht sofort abbiegen und hielt. Ein Busfahrer auf der Gegenfahrbahn hielt eine L\u00fccke zum Abbiegen frei und die 19-j\u00e4hrige bog langsam nach links ab. Hierbei &hellip;<\/p>\n<p class=\"read-more\"> <a class=\"more-link\" href=\"https:\/\/www.andreas-edler.de\/blog\/2010\/07\/ganz-langsam-abgebogen\/\"> <span class=\"screen-reader-text\">Ganz langsam abgebogen<\/span> Weiterlesen &raquo;<\/a><\/p>\n","protected":false},"author":1,"featured_media":0,"comment_status":"open","ping_status":"open","sticky":false,"template":"","format":"standard","meta":{"ngg_post_thumbnail":0,"activitypub_content_warning":"","activitypub_content_visibility":"","activitypub_max_image_attachments":2,"activitypub_interaction_policy_quote":"anyone","activitypub_status":"","footnotes":""},"categories":[15,13],"tags":[59],"class_list":["post-8020","post","type-post","status-publish","format-standard","hentry","category-fahrrad","category-verkehr","tag-presse"],"share_on_mastodon":{"url":"","error":""},"_links":{"self":[{"href":"https:\/\/www.andreas-edler.de\/blog\/wp-json\/wp\/v2\/posts\/8020","targetHints":{"allow":["GET"]}}],"collection":[{"href":"https:\/\/www.andreas-edler.de\/blog\/wp-json\/wp\/v2\/posts"}],"about":[{"href":"https:\/\/www.andreas-edler.de\/blog\/wp-json\/wp\/v2\/types\/post"}],"author":[{"embeddable":true,"href":"https:\/\/www.andreas-edler.de\/blog\/wp-json\/wp\/v2\/users\/1"}],"replies":[{"embeddable":true,"href":"https:\/\/www.andreas-edler.de\/blog\/wp-json\/wp\/v2\/comments?post=8020"}],"version-history":[{"count":0,"href":"https:\/\/www.andreas-edler.de\/blog\/wp-json\/wp\/v2\/posts\/8020\/revisions"}],"wp:attachment":[{"href":"https:\/\/www.andreas-edler.de\/blog\/wp-json\/wp\/v2\/media?parent=8020"}],"wp:term":[{"taxonomy":"category","embeddable":true,"href":"https:\/\/www.andreas-edler.de\/blog\/wp-json\/wp\/v2\/categories?post=8020"},{"taxonomy":"post_tag","embeddable":true,"href":"https:\/\/www.andreas-edler.de\/blog\/wp-json\/wp\/v2\/tags?post=8020"}],"curies":[{"name":"wp","href":"https:\/\/api.w.org\/{rel}","templated":true}]}}