{"id":7932,"date":"2010-06-17T23:09:48","date_gmt":"2010-06-17T21:09:48","guid":{"rendered":"http:\/\/www.andreas-edler.de\/blog\/?p=7932"},"modified":"2010-06-18T14:12:09","modified_gmt":"2010-06-18T12:12:09","slug":"missverstanden","status":"publish","type":"post","link":"https:\/\/www.andreas-edler.de\/blog\/2010\/06\/missverstanden\/","title":{"rendered":"Missverstanden?"},"content":{"rendered":"<p><cite>POL-MI: <b><a href=\"http:\/\/www.presseportal.de\/polizeipresse\/pm\/43553\/1632827\/polizei_minden_luebbecke\/rss\">Missverst\u00e4ndniss f\u00fchrt zu Unfall<\/a><\/b><br \/>\n&#8230; befuhr eine 44-j\u00e4hrige Frau mit ihren PKW, Marke Opel, die Kantstra\u00dfe und wollte in die Rahdener Stra\u00dfe einbiegen. Hierbei stie\u00df sie mit einer 19-j\u00e4hrigen Fahrradfahrerin zusammen, die auf dem Radweg in n\u00f6rdlicher Richtung unterwegs war &#8230;<\/cite> Wo ist denn da bitte das &#8222;Missverst\u00e4ndnis&#8220;? Entweder hat die Radfahrerin die Vorfahrt genommen oder die Autofahrerin. <\/p>\n<p>Und warum wird die \u00dcberschrift in der eigentlichen Nachricht nicht erkl\u00e4rt?<\/p>\n","protected":false},"excerpt":{"rendered":"<p>POL-MI: Missverst\u00e4ndniss f\u00fchrt zu Unfall &#8230; befuhr eine 44-j\u00e4hrige Frau mit ihren PKW, Marke Opel, die Kantstra\u00dfe und wollte in die Rahdener Stra\u00dfe einbiegen. Hierbei stie\u00df sie mit einer 19-j\u00e4hrigen Fahrradfahrerin zusammen, die auf dem Radweg in n\u00f6rdlicher Richtung unterwegs &hellip;<\/p>\n<p class=\"read-more\"> <a class=\"more-link\" href=\"https:\/\/www.andreas-edler.de\/blog\/2010\/06\/missverstanden\/\"> <span class=\"screen-reader-text\">Missverstanden?<\/span> Weiterlesen &raquo;<\/a><\/p>\n","protected":false},"author":1,"featured_media":0,"comment_status":"open","ping_status":"open","sticky":false,"template":"","format":"standard","meta":{"ngg_post_thumbnail":0,"activitypub_content_warning":"","activitypub_content_visibility":"","activitypub_max_image_attachments":2,"activitypub_interaction_policy_quote":"anyone","activitypub_status":"","footnotes":""},"categories":[13],"tags":[],"class_list":["post-7932","post","type-post","status-publish","format-standard","hentry","category-verkehr"],"share_on_mastodon":{"url":"","error":""},"_links":{"self":[{"href":"https:\/\/www.andreas-edler.de\/blog\/wp-json\/wp\/v2\/posts\/7932","targetHints":{"allow":["GET"]}}],"collection":[{"href":"https:\/\/www.andreas-edler.de\/blog\/wp-json\/wp\/v2\/posts"}],"about":[{"href":"https:\/\/www.andreas-edler.de\/blog\/wp-json\/wp\/v2\/types\/post"}],"author":[{"embeddable":true,"href":"https:\/\/www.andreas-edler.de\/blog\/wp-json\/wp\/v2\/users\/1"}],"replies":[{"embeddable":true,"href":"https:\/\/www.andreas-edler.de\/blog\/wp-json\/wp\/v2\/comments?post=7932"}],"version-history":[{"count":0,"href":"https:\/\/www.andreas-edler.de\/blog\/wp-json\/wp\/v2\/posts\/7932\/revisions"}],"wp:attachment":[{"href":"https:\/\/www.andreas-edler.de\/blog\/wp-json\/wp\/v2\/media?parent=7932"}],"wp:term":[{"taxonomy":"category","embeddable":true,"href":"https:\/\/www.andreas-edler.de\/blog\/wp-json\/wp\/v2\/categories?post=7932"},{"taxonomy":"post_tag","embeddable":true,"href":"https:\/\/www.andreas-edler.de\/blog\/wp-json\/wp\/v2\/tags?post=7932"}],"curies":[{"name":"wp","href":"https:\/\/api.w.org\/{rel}","templated":true}]}}