{"id":7855,"date":"2010-06-09T07:52:12","date_gmt":"2010-06-09T05:52:12","guid":{"rendered":"http:\/\/www.andreas-edler.de\/blog\/?p=7855"},"modified":"2010-06-10T08:38:40","modified_gmt":"2010-06-10T06:38:40","slug":"linksseitig-mal-wieder","status":"publish","type":"post","link":"https:\/\/www.andreas-edler.de\/blog\/2010\/06\/linksseitig-mal-wieder\/","title":{"rendered":"Linksseitig mal wieder"},"content":{"rendered":"<p><cite>POL-MI: <b><a href=\"http:\/\/www.presseportal.de\/polizeipresse\/pm\/43553\/1627452\/polizei_minden_luebbecke\/rss\">Radfahrerin bei Zusammensto\u00df mit Auto verletzt<\/a><\/b><br \/>\n&#8230; Schwere Verletzungen zog sich am Montagmorgen eine 18-j\u00e4hrige Rahdenerin zu, die mit ihrem Fahrrad auf dem Radweg der Lemf\u00f6rder Stra\u00dfe unterwegs war &#8230; Er verl\u00e4uft in Fahrtrichtung der Radfahrerin gesehen links von der Fahrbahn &#8230; prallte sie gegen den rechten Kotfl\u00fcgel eines Mazda MX 5, dessen 19-j\u00e4hrige Fahrerin in diesem Moment den Parkplatz des Museumshofes verlassen wollte. Eine dichte Hecke hatte der Autofahrerin den Blick nach rechts versperrt.<\/cite> Offensichtlich war der Radweg benutzungspflichtig, ansonsten w\u00e4re die Polizei nicht m\u00fcde geworden zu erw\u00e4hnen, dass die Radfahrerin auf der falschen Seite<!--more--> unterwegs war. Vielleicht nennen die Herren das Problem dann auch mal beim Namen: linksseitige Radwege sind der allerg\u00f6\u00dfte Mist, den sich ein Planer ausdenken kann. Andererseits, wenn sich die Radfahrerin schwer verletzt, deutet das darauf hin, dass das Hindernis (sprich: das Auto) recht unvermittelt auf dem Radweg erschien. Wenn dort eine Hecke war, welche die Sicht erschwerte, ist die Autofahrerin dann einfach bis zur Bordsteinkante vorgeprescht ohne sich vorsichtig in den Gefahrenbereich zu tasten? So ein kombinierter Geh- Radweg ist doch mindestens 2,25 Meter breit, liebe Planer, oder?<\/p>\n<p>Ich kann nur wiederholen: auf der Fahrbahn f\u00e4hrt ein Fahrradfahrer definitiv am sichersten!<\/p>\n","protected":false},"excerpt":{"rendered":"<p>POL-MI: Radfahrerin bei Zusammensto\u00df mit Auto verletzt &#8230; Schwere Verletzungen zog sich am Montagmorgen eine 18-j\u00e4hrige Rahdenerin zu, die mit ihrem Fahrrad auf dem Radweg der Lemf\u00f6rder Stra\u00dfe unterwegs war &#8230; Er verl\u00e4uft in Fahrtrichtung der Radfahrerin gesehen links von &hellip;<\/p>\n<p class=\"read-more\"> <a class=\"more-link\" href=\"https:\/\/www.andreas-edler.de\/blog\/2010\/06\/linksseitig-mal-wieder\/\"> <span class=\"screen-reader-text\">Linksseitig mal wieder<\/span> Weiterlesen &raquo;<\/a><\/p>\n","protected":false},"author":1,"featured_media":0,"comment_status":"open","ping_status":"open","sticky":false,"template":"","format":"standard","meta":{"ngg_post_thumbnail":0,"activitypub_content_warning":"","activitypub_content_visibility":"","activitypub_max_image_attachments":2,"activitypub_interaction_policy_quote":"anyone","activitypub_status":"","footnotes":""},"categories":[15,13],"tags":[37],"class_list":["post-7855","post","type-post","status-publish","format-standard","hentry","category-fahrrad","category-verkehr","tag-auto"],"share_on_mastodon":{"url":"","error":""},"_links":{"self":[{"href":"https:\/\/www.andreas-edler.de\/blog\/wp-json\/wp\/v2\/posts\/7855","targetHints":{"allow":["GET"]}}],"collection":[{"href":"https:\/\/www.andreas-edler.de\/blog\/wp-json\/wp\/v2\/posts"}],"about":[{"href":"https:\/\/www.andreas-edler.de\/blog\/wp-json\/wp\/v2\/types\/post"}],"author":[{"embeddable":true,"href":"https:\/\/www.andreas-edler.de\/blog\/wp-json\/wp\/v2\/users\/1"}],"replies":[{"embeddable":true,"href":"https:\/\/www.andreas-edler.de\/blog\/wp-json\/wp\/v2\/comments?post=7855"}],"version-history":[{"count":0,"href":"https:\/\/www.andreas-edler.de\/blog\/wp-json\/wp\/v2\/posts\/7855\/revisions"}],"wp:attachment":[{"href":"https:\/\/www.andreas-edler.de\/blog\/wp-json\/wp\/v2\/media?parent=7855"}],"wp:term":[{"taxonomy":"category","embeddable":true,"href":"https:\/\/www.andreas-edler.de\/blog\/wp-json\/wp\/v2\/categories?post=7855"},{"taxonomy":"post_tag","embeddable":true,"href":"https:\/\/www.andreas-edler.de\/blog\/wp-json\/wp\/v2\/tags?post=7855"}],"curies":[{"name":"wp","href":"https:\/\/api.w.org\/{rel}","templated":true}]}}