{"id":78254,"date":"2014-05-09T21:25:10","date_gmt":"2014-05-09T19:25:10","guid":{"rendered":"http:\/\/www.andreas-edler.de\/blog\/?p=78254"},"modified":"2014-05-09T21:25:10","modified_gmt":"2014-05-09T19:25:10","slug":"mit-dem-rad-zur-arbeit","status":"publish","type":"post","link":"https:\/\/www.andreas-edler.de\/blog\/2014\/05\/mit-dem-rad-zur-arbeit\/","title":{"rendered":"Mit dem Rad zur Arbeit"},"content":{"rendered":"<p>Auch in diesem Jahr starten der ADFC und die AOK wieder die erfolgreiche Initiative \u201cMit dem Rad zur Arbeit\u201c. Seit mehr als 10 Jahren wird dazu aufgerufen, f\u00fcr den t\u00e4glichen Weg zur Arbeit das Fahrrad zu benutzen und etwas f\u00fcr Gesundheit und Umwelt zu tun.<\/p>\n<p>Um an der Aktion teilzunehmen, meldet man sich einfach als Viererteam (oder auch weniger) unter <a href=\"http:\/\/www.mit-dem-rad-zur-arbeit.de\">http:\/\/www.mit-dem-rad-zur-arbeit.de<\/a> an. Es gilt, w\u00e4hrend der Monate Juni, Juli und August an mindestens 20 Tagen das Fahrrad f\u00fcr den Arbeitsweg zu benutzen. Als Belohnung winken zahlreiche Sachpreise!<\/p>\n<p>Im letzten Jahr hat unser Team tats\u00e4chlich <a href=\"http:\/\/www.andreas-edler.de\/blog\/2013\/11\/mit-dem-rad-zur-arbeit-gewonnen\/\" title=\"Mit dem Rad zur Arbeit: gewonnen!\">einen der beiden Hauptpreise gewonnen<\/a>. Wird auch in diesem Jahr noch eingel\u00f6st werden! Mitmachen macht also nicht nur Spa\u00df, sondern lohnt sich auch!<\/p>\n","protected":false},"excerpt":{"rendered":"<p>Auch in diesem Jahr starten der ADFC und die AOK wieder die erfolgreiche Initiative \u201cMit dem Rad zur Arbeit\u201c. Seit mehr als 10 Jahren wird dazu aufgerufen, f\u00fcr den t\u00e4glichen Weg zur Arbeit das Fahrrad zu benutzen und etwas f\u00fcr &hellip;<\/p>\n<p class=\"read-more\"> <a class=\"more-link\" href=\"https:\/\/www.andreas-edler.de\/blog\/2014\/05\/mit-dem-rad-zur-arbeit\/\"> <span class=\"screen-reader-text\">Mit dem Rad zur Arbeit<\/span> Weiterlesen &raquo;<\/a><\/p>\n","protected":false},"author":1,"featured_media":0,"comment_status":"open","ping_status":"open","sticky":false,"template":"","format":"standard","meta":{"ngg_post_thumbnail":0,"activitypub_content_warning":"","activitypub_content_visibility":"","activitypub_max_image_attachments":2,"activitypub_interaction_policy_quote":"anyone","activitypub_status":"","footnotes":""},"categories":[15],"tags":[32,96],"class_list":["post-78254","post","type-post","status-publish","format-standard","hentry","category-fahrrad","tag-gewinner","tag-gewinnspiel"],"share_on_mastodon":{"url":"","error":""},"_links":{"self":[{"href":"https:\/\/www.andreas-edler.de\/blog\/wp-json\/wp\/v2\/posts\/78254","targetHints":{"allow":["GET"]}}],"collection":[{"href":"https:\/\/www.andreas-edler.de\/blog\/wp-json\/wp\/v2\/posts"}],"about":[{"href":"https:\/\/www.andreas-edler.de\/blog\/wp-json\/wp\/v2\/types\/post"}],"author":[{"embeddable":true,"href":"https:\/\/www.andreas-edler.de\/blog\/wp-json\/wp\/v2\/users\/1"}],"replies":[{"embeddable":true,"href":"https:\/\/www.andreas-edler.de\/blog\/wp-json\/wp\/v2\/comments?post=78254"}],"version-history":[{"count":0,"href":"https:\/\/www.andreas-edler.de\/blog\/wp-json\/wp\/v2\/posts\/78254\/revisions"}],"wp:attachment":[{"href":"https:\/\/www.andreas-edler.de\/blog\/wp-json\/wp\/v2\/media?parent=78254"}],"wp:term":[{"taxonomy":"category","embeddable":true,"href":"https:\/\/www.andreas-edler.de\/blog\/wp-json\/wp\/v2\/categories?post=78254"},{"taxonomy":"post_tag","embeddable":true,"href":"https:\/\/www.andreas-edler.de\/blog\/wp-json\/wp\/v2\/tags?post=78254"}],"curies":[{"name":"wp","href":"https:\/\/api.w.org\/{rel}","templated":true}]}}