{"id":7791,"date":"2010-05-20T21:53:49","date_gmt":"2010-05-20T19:53:49","guid":{"rendered":"http:\/\/www.andreas-edler.de\/blog\/?p=7791"},"modified":"2018-05-20T23:24:17","modified_gmt":"2018-05-20T21:24:17","slug":"neuer-radweg-an-der-werster-strase","status":"publish","type":"post","link":"https:\/\/www.andreas-edler.de\/blog\/2010\/05\/neuer-radweg-an-der-werster-strase\/","title":{"rendered":"Neuer Radweg an der Werster Stra\u00dfe"},"content":{"rendered":"<p>Zwischen dem Plus-Markt und der Stra\u00dfe &#8222;In der Wiehwisch&#8220; ist auf der s\u00fcdlichen Seite der Werster Stra\u00dfe ein neuer kombinierter Geh- und Radweg angelegt worden. So weit, so gut. Wenn ich nun aber von der Eidinghausener Stra\u00dfe komme und Richtung Werste fahre, welche Seite muss ich denn nun benutzen? <\/p>\n<p style=\"text-align:center;\"><img decoding=\"async\" src=\"http:\/\/www.andreas-edler.de\/grafik\/blog_2010\/20100520_werster_strasse_1.jpg\" width=\"470\" border=\"0\" alt=\"\"><\/p>\n<p> Auf beiden Seiten Benutzungspflicht in die gleiche Richtung erscheint mir dann doch ein bisschen \u00fcbertrieben. Und ganz ehrlich: was gilt? Ich wette, dass es mir in der Verwaltung niemand sagen kann ;-)<\/p>\n<p>Wie jeder Radweg hat auch dieser etliche Einm\u00fcndungen zu queren. Das sind die gef\u00e4hrlichsten Stellen solcher Konstrukte, weil genau hier die Unf\u00e4lle passieren. <\/p>\n<p style=\"text-align:center;\"><img decoding=\"async\" src=\"http:\/\/www.andreas-edler.de\/grafik\/blog_2010\/20100520_werster_strasse_2.jpg\" width=\"470\" border=\"0\" alt=\"\"><\/p>\n<p> Warum man dann bei diesen Einm\u00fcndungen keine Furt angelegt hat, um Fu\u00dfg\u00e4nger und Radfahrer \u00fcber die Fahrbahn zu leiten, wird wohl ein Geheimnis bleiben. Obwohl ja so eine Markierung auf der Fahrbahn die Autofahrer eh nicht interessiert, die stellen sich ja in jedem Fall mitten drauf und nehmen einem dann die Vorfahrt.<\/p>\n<p>Im weiteren Verlauf h\u00f6rt der Weg dann quasi einfach auf, bzw. wird deutlich zu schmal. <\/p>\n<p style=\"text-align:center;\"><img decoding=\"async\" src=\"http:\/\/www.andreas-edler.de\/grafik\/blog_2010\/20100520_werster_strasse_3.jpg\" width=\"470\" border=\"0\" alt=\"\"><\/p>\n<p> Vom Gedanken her ganz nett, im Detail sind noch einige Verbesserungen drin. Die doppelte Benutzungspflicht ist un\u00fcberlegt, richtig w\u00e4re die s\u00fcdliche Seite in westlicher Richtung mit &#8222;Radfahrer frei&#8220; zu beschildern. Und die Furten werden hoffentlich noch nachgereicht.<\/p>\n","protected":false},"excerpt":{"rendered":"<p>Zwischen dem Plus-Markt und der Stra\u00dfe &#8222;In der Wiehwisch&#8220; ist auf der s\u00fcdlichen Seite der Werster Stra\u00dfe ein neuer kombinierter Geh- und Radweg angelegt worden. So weit, so gut. Wenn ich nun aber von der Eidinghausener Stra\u00dfe komme und Richtung &hellip;<\/p>\n<p class=\"read-more\"> <a class=\"more-link\" href=\"https:\/\/www.andreas-edler.de\/blog\/2010\/05\/neuer-radweg-an-der-werster-strase\/\"> <span class=\"screen-reader-text\">Neuer Radweg an der Werster Stra\u00dfe<\/span> Weiterlesen &raquo;<\/a><\/p>\n","protected":false},"author":1,"featured_media":0,"comment_status":"open","ping_status":"open","sticky":false,"template":"","format":"standard","meta":{"ngg_post_thumbnail":0,"activitypub_content_warning":"","activitypub_content_visibility":"","activitypub_max_image_attachments":2,"activitypub_interaction_policy_quote":"anyone","activitypub_status":"","footnotes":""},"categories":[14,15,13],"tags":[110,251,207,72,338],"class_list":["post-7791","post","type-post","status-publish","format-standard","hentry","category-bad-oeynhausen","category-fahrrad","category-verkehr","tag-fahrradfreundliche-stadt","tag-infrastruktur","tag-radweg","tag-verwaltung","tag-werster-strasse"],"share_on_mastodon":{"url":"","error":""},"_links":{"self":[{"href":"https:\/\/www.andreas-edler.de\/blog\/wp-json\/wp\/v2\/posts\/7791","targetHints":{"allow":["GET"]}}],"collection":[{"href":"https:\/\/www.andreas-edler.de\/blog\/wp-json\/wp\/v2\/posts"}],"about":[{"href":"https:\/\/www.andreas-edler.de\/blog\/wp-json\/wp\/v2\/types\/post"}],"author":[{"embeddable":true,"href":"https:\/\/www.andreas-edler.de\/blog\/wp-json\/wp\/v2\/users\/1"}],"replies":[{"embeddable":true,"href":"https:\/\/www.andreas-edler.de\/blog\/wp-json\/wp\/v2\/comments?post=7791"}],"version-history":[{"count":0,"href":"https:\/\/www.andreas-edler.de\/blog\/wp-json\/wp\/v2\/posts\/7791\/revisions"}],"wp:attachment":[{"href":"https:\/\/www.andreas-edler.de\/blog\/wp-json\/wp\/v2\/media?parent=7791"}],"wp:term":[{"taxonomy":"category","embeddable":true,"href":"https:\/\/www.andreas-edler.de\/blog\/wp-json\/wp\/v2\/categories?post=7791"},{"taxonomy":"post_tag","embeddable":true,"href":"https:\/\/www.andreas-edler.de\/blog\/wp-json\/wp\/v2\/tags?post=7791"}],"curies":[{"name":"wp","href":"https:\/\/api.w.org\/{rel}","templated":true}]}}