{"id":7637,"date":"2010-05-13T10:36:31","date_gmt":"2010-05-13T08:36:31","guid":{"rendered":"http:\/\/www.andreas-edler.de\/blog\/?p=7637"},"modified":"2018-11-27T12:55:37","modified_gmt":"2018-11-27T11:55:37","slug":"neue-beschilderung-an-der-kirchbreite","status":"publish","type":"post","link":"https:\/\/www.andreas-edler.de\/blog\/2010\/05\/neue-beschilderung-an-der-kirchbreite\/","title":{"rendered":"Neue Beschilderung an der Kirchbreite"},"content":{"rendered":"<p><strong>[Updates stehen unten im Artikel]<\/strong><\/p>\n<p>Die Schilder f\u00fcr die Geschwindigkeitsbegrenzungen an der Kirchbreite sind <a href=\"http:\/\/www.andreas-edler.de\/blog\/2008\/05\/fahrradfreundlich\/\">seit Jahren<\/a> nicht ganz so aufgestellt, wie es urspr\u00fcnglich gedacht war. Habe ich schon mal angemerkt, wurde ignoriert. Letztlich ist es wohl doch mal jemandem in der Verwaltung aufgefallen und <a href=\"http:\/\/www.andreas-edler.de\/blog\/2010\/04\/kirchbreite-und-30-kmh\/\">in einem Nebensatz einer Sitzung des Schulausschusses<\/a> wurde \u00c4nderung avisiert. Ich habe \u00fcber <cite>An der Kirchbreite ( K8 ) bestand bisher auf Grund der vorhandenen Beschilderung eine nicht gewollte Unterbrechung der Tempo-30-Regelung. Insofern ist zur Nachbesserung aus Gr\u00fcnden der Schulwegsicherung nachfolgende stra\u00dfenverkehrs-rechtliche Anordnung bereits am 17.02.2010 an den Kreis Minden-L\u00fcbbecke ergangen:<br \/>\n* Das auf der Nordseite der Kirchbreite, ca. 30 m \u00f6stlich der Einm\u00fcndung Pestalozzistra\u00dfe aufgestellte Verkehrszeichen 274-53 StVO (Geschwindigkeitsbegrenzung auf 30 km\/h) ist auf die westliche Seite der Einm\u00fcndung zur Pestalozzistra\u00dfe zu versetzen.<br \/>\n* Auf der S\u00fcdseite der Kirchbreite, \u00f6stlich der Einm\u00fcndung Pestalozzistra\u00dfe, ist ein zus\u00e4tzliches Verkehrszeichen 274-53 StVO aufzustellen.<\/cite> damals ein bisschen gegr\u00fcbelt &#8211; und nicht ganz verstanden. Aber die werden schon wissen was sie tun.<\/p>\n<p>Gestern habe ich Tim dort lang kutschiert und mich \u00fcber die Umsetzung des oben geschriebenen doch etwas gewundert.<\/p>\n<p>Wenn man aus Richtung Osten kommend Richtung Werste auf der Kirchbreite f\u00e4hrt, steht in H\u00f6he des Parkplatzes der StadtSparkasse ein Tempo 30 Zeichen. Das gilt dann bis &#8222;Zum Riepelhof&#8220; \/ &#8222;In der Wiehwisch&#8220;, weil es dort nicht wiederholt wird. <\/p>\n<p style=\"text-align:center;\"><img decoding=\"async\" src=\"http:\/\/www.andreas-edler.de\/grafik\/blog_2010\/20100512_kirchbreite_in_der_wiehwisch.jpg\" width=\"470\" border=\"0\" alt=\"\" title=\"\"><\/p>\n<p> Ab dort bis knapp vor der &#8222;Pestalozzistra\u00dfe&#8220; darf man dann wieder 50 fahren, da erst hier erneut ein Tempo 30 Schild steht. <\/p>\n<p style=\"text-align:center;\"><img decoding=\"async\" src=\"http:\/\/www.andreas-edler.de\/grafik\/blog_2010\/20100512_kirchbreite_pestalozzistrasse.jpg\" width=\"470\" border=\"0\" alt=\"\" title=\"\"><\/p>\n<p> Hinter der &#8222;Pestalozzistra\u00dfe&#8220; folgt ein Zebrastreifen, da es dort r\u00fcber geht zur &#8222;Schule am Weserbogen&#8220;. Allerdings fehlte dort bisher ein erneutes Tempo 30 Schild und man konnte praktisch direkt hinter der &#8222;Pestalozzistra\u00dfe&#8220; mit 50 \u00fcber den Zebrastreifen fahren. In dieser Richtung hatte man also in der Praxis nur zwischen Grundschule und &#8222;Zum Riepelhof&#8220; und knapp 50 Meter vor der &#8222;Pestalozzistra\u00dfe&#8220; tats\u00e4chlich 30 Km\/h zu beachten. <\/p>\n<p>Bef\u00e4hrt man die &#8222;Kirchbreite&#8220; aus Westen kommend Richtung Eidinghausener Kreisel kommt zun\u00e4chst die Kreuzung mit der &#8222;Heisenbergstra\u00dfe&#8220; (hier geht es zum Parkplatz der &#8222;Schule am Weserbogen&#8220;)<s> und <b>danach<\/b> steht ein Tempo 30 Schild<\/s>. <\/p>\n<p style=\"text-align:center;\"><img decoding=\"async\" src=\"http:\/\/www.andreas-edler.de\/grafik\/blog_2010\/20100512_kirchbreite_heisenbergstrasse.jpg\" width=\"470\" border=\"0\" alt=\"\" title=\"\"><\/p>\n<p> <s>An der Einfahrt zur Schule kann man also noch ordentlich Tempo machen.<\/s> Danach muss man sich bis zur &#8222;Pestalozzistra\u00dfe&#8220; an 30 halten &#8211; das Zeichen wird hier nicht wiederholt. Zugegebenerma\u00dfen erkennt man aber auch die Richtung S\u00fcden weiterf\u00fchrende Pestalozzistra\u00dfe kaum, so dass die meisten wohl bis zu &#8222;In der Wiehwisch&#8220; langsam fahren (naja, <a href=\"http:\/\/www.andreas-edler.de\/blog\/2008\/05\/fahrradfreundlich\/\">was man so unter langsam versteht<\/a>). Nach der Einm\u00fcndung fehlt dann das wiederholende Tempo 30 Zeichen, <\/p>\n<p style=\"text-align:center;\"><img decoding=\"async\" src=\"http:\/\/www.andreas-edler.de\/grafik\/blog_2010\/20100512_kirchbreite_in_der_wiehwisch_richtung_osten.jpg\" width=\"470\" border=\"0\" alt=\"\" title=\"\"><\/p>\n<p> so dass wieder auf&#8217;s Gas gedr\u00fcckt wird, bis nach ca. 150 Metern erneut auf die Tempobeschr\u00e4nkung hingewiesen wird. <\/p>\n<p style=\"text-align:center;\"><img decoding=\"async\" src=\"http:\/\/www.andreas-edler.de\/grafik\/blog_2010\/20100512_kirchbreite_grundschule.jpg\" width=\"470\" border=\"0\" alt=\"\" title=\"\"><\/p>\n<p> Also auch in dieser Richtung ein nicht unerheblicher Teil der Stra\u00dfe &#8222;Kirchbreite&#8220;, der nicht unter die Geschwindigkeitsbegrenzung f\u00e4llt. Da ist schlicht schluderig beschildert worden. Soweit so schlecht, das hat man &#8211; wie oben beschrieben &#8211; erkannt und w\u00fcnschte Besserung.<\/p>\n<p>Und das sieht dann so aus: <\/p>\n<p style=\"text-align:center;\"><img decoding=\"async\" src=\"http:\/\/www.andreas-edler.de\/grafik\/blog_2010\/20100512_kirchbreite_zwei_neue_schilder.jpg\" width=\"470\" border=\"0\" alt=\"\" title=\"\"><\/p>\n<p> Beim Angucken verkrampfen meine Finger schon! Zwischen &#8222;Pestalozzistra\u00dfe&#8220; (hinter dem Zebrastreifen) und der &#8222;Heisenbergstra\u00dfe&#8220; hat man zwei neue Tempo 30 Schilder aufgestellt, die <b>in die gleiche Richtung<\/b> zeigen und an der Stelle an der Gesamtsituation nichts Wesentliches \u00e4ndern. Sie setzen noch nicht einmal den obigen Beschluss um. <b>Was soll das?<\/b>.<\/p>\n<p>Man h\u00e4tte lediglich dass auf der s\u00fcdlichen Seite knapp hinter der &#8222;Heisenbergstra\u00dfe&#8220; stehende Schild Richtung Westen vor die &#8222;Heisenbergstra\u00dfe&#8220;, das ebenfalls auf s\u00fcdlicher Seite befindliche Schild knapp vor der Grundschule ebenfalls nach Westen bis knapp hinter &#8222;In der Wiehwisch&#8220; versetzen m\u00fcssen. Auf der n\u00f6rdlichen Seite hinter &#8222;In der Wiehwisch&#8220; ein neues Tempo 30 Schuld aufstellen und das vor der &#8222;Pestalozzistra\u00dfe&#8220; hinter derselben montieren m\u00fcssen und alles w\u00e4re in wundersch\u00f6ner Richtigkeit. Aber dann h\u00e4tte man sich ja tats\u00e4chlich mit der Situation vor Ort besch\u00e4ftigen m\u00fcssen. Ich bezweifle, dass dies angesichts der erfolgten Ma\u00dfnahme geschehen ist. Wieder mal Geld rausgeworfen, ohne damit etwas bewirkt zu haben.<\/p>\n<p>Ich frage mich, wer diese Ma\u00dfnahme nach Fertigstellung qualit\u00e4tsgesichert hat. Da m\u00fcssen doch Abnahmen erfolgen, oder nicht? im \u00fcbrigen wurden mir die Kosten f\u00fcr die Aufstellung von Schildern bereits als ein m\u00f6glicher Ablehnungsgrund f\u00fcr die Einrichtung einer Fahrradstra\u00dfe genannt. So teuer kann das ganz offensichtlich nicht sein, wenn man die Dinger einfach wahllos aufbauen kann.<\/p>\n<p>Achso, ganz vergessen: ganz einfach h\u00e4tte man es, wenn man die Kirchbreite vom Kreisel bis zur Heisenbergstra\u00dfe einfach als Tempo-30-Zone ausweist. Alle einm\u00fcndenden Stra\u00dfen sind das sowieso &#8211; sofern nicht sogar Spielstra\u00dfen. Und angesichts der Ballung von Schulen auf diesem Teilst\u00fcck, sollte das wohl auch kein Problem darstellen.<\/p>\n<p><strong>[<a name=\"edit1\">Edit 1<\/a>:]<\/strong> <s>Heute nachmittag wurde mir gesagt, dass das &#8222;neue&#8220; Schild hinter der Pestalozzistra\u00dfe schon immer dort war. Nun, dann muss es jemand erneuert haben. Sowohl Schild auch als Mast machten mir einen neuen Eindruck. Dementsprechend w\u00e4re das Schild ca. 100 Meter vor der Pestallozistra\u00dfe neu &#8211; und somit auch nicht richtig. Wie man es dreht, es passt jedenfalls immer noch nicht.<\/s> Laut dem oben zitierten Beschluss war hinter der Pestalozzistra\u00dfe kein Schild. Also so, wie ich es oben beschrieben habe.<\/p>\n<p><strong>[<a name=\"edit2\">Edit 2<\/a>:]<\/strong> Bin heute nachmittag (14.05.) nochmal da lang gefahren und muss kleine Br\u00f6tchen backen! Vor der Heisenbergstra\u00dfe steht tats\u00e4chlich ein Tempo-30-Schild! Insofern ist dort doch geschwindigkeitsreduziert.<\/p>\n","protected":false},"excerpt":{"rendered":"<p>[Updates stehen unten im Artikel] Die Schilder f\u00fcr die Geschwindigkeitsbegrenzungen an der Kirchbreite sind seit Jahren nicht ganz so aufgestellt, wie es urspr\u00fcnglich gedacht war. Habe ich schon mal angemerkt, wurde ignoriert. Letztlich ist es wohl doch mal jemandem in &hellip;<\/p>\n<p class=\"read-more\"> <a class=\"more-link\" href=\"https:\/\/www.andreas-edler.de\/blog\/2010\/05\/neue-beschilderung-an-der-kirchbreite\/\"> <span class=\"screen-reader-text\">Neue Beschilderung an der Kirchbreite<\/span> Weiterlesen &raquo;<\/a><\/p>\n","protected":false},"author":1,"featured_media":0,"comment_status":"open","ping_status":"open","sticky":false,"template":"","format":"standard","meta":{"ngg_post_thumbnail":0,"activitypub_content_warning":"","activitypub_content_visibility":"","activitypub_max_image_attachments":2,"activitypub_interaction_policy_quote":"anyone","activitypub_status":"","footnotes":""},"categories":[14,18,13],"tags":[361,78,72],"class_list":["post-7637","post","type-post","status-publish","format-standard","hentry","category-bad-oeynhausen","category-fraglich","category-verkehr","tag-kirchbreite","tag-schule","tag-verwaltung"],"share_on_mastodon":{"url":"","error":""},"_links":{"self":[{"href":"https:\/\/www.andreas-edler.de\/blog\/wp-json\/wp\/v2\/posts\/7637","targetHints":{"allow":["GET"]}}],"collection":[{"href":"https:\/\/www.andreas-edler.de\/blog\/wp-json\/wp\/v2\/posts"}],"about":[{"href":"https:\/\/www.andreas-edler.de\/blog\/wp-json\/wp\/v2\/types\/post"}],"author":[{"embeddable":true,"href":"https:\/\/www.andreas-edler.de\/blog\/wp-json\/wp\/v2\/users\/1"}],"replies":[{"embeddable":true,"href":"https:\/\/www.andreas-edler.de\/blog\/wp-json\/wp\/v2\/comments?post=7637"}],"version-history":[{"count":0,"href":"https:\/\/www.andreas-edler.de\/blog\/wp-json\/wp\/v2\/posts\/7637\/revisions"}],"wp:attachment":[{"href":"https:\/\/www.andreas-edler.de\/blog\/wp-json\/wp\/v2\/media?parent=7637"}],"wp:term":[{"taxonomy":"category","embeddable":true,"href":"https:\/\/www.andreas-edler.de\/blog\/wp-json\/wp\/v2\/categories?post=7637"},{"taxonomy":"post_tag","embeddable":true,"href":"https:\/\/www.andreas-edler.de\/blog\/wp-json\/wp\/v2\/tags?post=7637"}],"curies":[{"name":"wp","href":"https:\/\/api.w.org\/{rel}","templated":true}]}}