{"id":7548,"date":"2010-04-19T07:35:52","date_gmt":"2010-04-19T06:35:52","guid":{"rendered":"http:\/\/www.andreas-edler.de\/blog\/?p=7548"},"modified":"2022-06-17T08:49:34","modified_gmt":"2022-06-17T06:49:34","slug":"tod-durch-sperrpfosten","status":"publish","type":"post","link":"https:\/\/www.andreas-edler.de\/blog\/2010\/04\/tod-durch-sperrpfosten\/","title":{"rendered":"S\u00fcltebusch: Tod durch Sperrpfosten"},"content":{"rendered":"<p>Ich bin entsetzt, best\u00fcrzt und stinkw\u00fctend! Seit Jahren weise nicht nur ich eindringlich darauf hin, dass diese Sperrpfosten &#8211; die es im \u00dcbrigen \u00fcberall in Bad Oeynhausen auf Radwegen gibt &#8211; gef\u00e4hrlich sind. &#8222;Lebensgef\u00e4hrlich&#8220; kann ich nun berechtigter- und traurigerweise erg\u00e4nzen. <cite>Polizei Mi-L\u00fc: <b><a href=\"http:\/\/www.polizei-nrw.de\/presseportal\/behoerden\/minden-luebbecke\/article\/meldung-100419-015449-89-333.html\">Frau durch Sturz mit Fahrrad t\u00f6dlich verletzt<\/a><\/b><br \/>\n&#8230; Anhand von Spurenlagen vor Ort konnte rekonstruiert werden, dass die Frau den absch\u00fcssigen, gut ausgeleuchteten Geh\/Radweg in Richtung Sielpark befahren hatte. Mit einer Fahrradpedale blieb sie an einem rot-wei\u00dfen, gut erkennbaren Sperrpfosten h\u00e4ngen. Die Sperrpfosten dienen dazu, die Nutzung des Weges durch mehrspurige Fahrzeuge zu unterbinden &#8230;<\/cite> Und die Polizei schreibt nat\u00fcrllich in der Pressemitteilung gleich, warum es nicht Schuld der baulichen Ma\u00dfnahme sein kann:<br \/>\nAbsch\u00fcsssig = die Radfahrerin war bestimmt zu schnell.<br \/>\nGut ausgeleuchtet = die Radfahrerin hat nicht aufgepasst.<br \/>\nrot wei\u00df, gut erkennbar = die Radfahrerin hat \u00fcberhaupt nicht aufgepasst.<br \/>\nNutzung durch mehrspurige Fahrzeuge zu unterbinden = Uns bleibt doch gar nichts anderes \u00fcbrig, als hier einen Pfosten zu montieren.<\/p>\n<p>Diese Pfosten werden auch am helllichten Tag \u00fcbersehen, z.B. wenn man in der Gruppe an so einem Mist vorbei kommt. Die rot\/wei\u00dfe Farbe reflektiert in aller Regel kein bisschen. Meist sind die Abst\u00e4nde der Pfosten zueinander oder zum Rand der befahrbaren Fl\u00e4che derart eng, dass man nur im Schritttempo passieren kann. Mit Fahrradanh\u00e4nger nur schiebend &#8211; wenn \u00fcberhaupt.<\/p>\n<p>Was  mich aber letztendlich komplett stutzig machte ist, dass ich mich dort gar nicht an so eine bauliche Ma\u00dfnahme erinnern kann. <\/p>\n<p style=\"text-align:center;\"><img decoding=\"async\" src=\"http:\/\/www.andreas-edler.de\/grafik\/blog_2010\/20100419_unterfuehrung_kanalstrasse.jpg\" width=\"470\" alt=\"\" border=\"0\"><\/p>\n<p> Und richtig, vor Ort sieht es ganz so aus, als w\u00e4re die Situation leicht anders. Es ist absch\u00fcssig und ich will nicht ausschlie\u00dfen, dass dort auch z\u00fcgig gefahren wurde, aber es gibt keine Sperrpfosten. Schon gar keine gut sichtbaren und rot-weiss reflektierenden. Nur die mattgrauen St\u00fctzen der kleinen \u00dcberdachung, die Ausgangs der Kurve direkt am Rand des Weges stehen und nicht in irgendeiner Form reflektieren oder besonders kenntlich gemacht sind.<\/p>\n<p>Ob die Beleuchtung dort gegen 21 Uhr &#8222;ausreichend&#8220; war, sei dahingestellt. Vielleicht &#8211; und das ist reine Spekulation, aber aufgrund meiner pers\u00f6nlichen Erfahrung durchaus m\u00f6glich &#8211; kam der Frau jemand unbeleuchtet aus dem Tunnel entgegen und sie musste daher stark bremsen und ausweichen. Auf gar keinen Fall hat sie &#8211; wie man beim Lesen der Pressemeldung denken k\u00f6nnte &#8211; ein weithin sichtbares und ausreichend gekennzeichnetes Hindernis \u00fcbersehen.<\/p>\n<p>Auf Nachfrage best\u00e4tigte mir das \u00f6rtliche Polizeikommissariat, dass der Unfall durchaus richtig aufgenommen wurde und im Bericht von rot-weissen Sperrpfosten nicht die Rede ist. Die insofern fehlerhafte Pressemeldung kann &#8211; so die Vermutung der Polizei &#8211; nur durch den Druck zur m\u00f6gllichst aktuellen Berichhterstattung in Verbindung mit vielen gleichzeitigen Meldungen und dem zus\u00e4tzlichen Stille-Post-Prinzip entstanden sein. Ob die Meldung korrigiert wird, ist nicht sicher.<\/p>\n<p>Tatsache ist, dass diese Pfosten dort so \u00fcberfl\u00fcssig wie ein Kropf sind! Was machen die dort?<\/p>\n<p>[Update] Die Polizei hat Ihren <a href=\"http:\/\/www.presseportal.de\/polizeipresse\/pm\/43553\/1597925\/polizei_minden_luebbecke\">Pressebericht inzwischen korrigiert und ausf\u00fchrlicher gestaltet<\/a>. <\/p>\n","protected":false},"excerpt":{"rendered":"<p>Ich bin entsetzt, best\u00fcrzt und stinkw\u00fctend! Seit Jahren weise nicht nur ich eindringlich darauf hin, dass diese Sperrpfosten &#8211; die es im \u00dcbrigen \u00fcberall in Bad Oeynhausen auf Radwegen gibt &#8211; gef\u00e4hrlich sind. &#8222;Lebensgef\u00e4hrlich&#8220; kann ich nun berechtigter- und traurigerweise &hellip;<\/p>\n<p class=\"read-more\"> <a class=\"more-link\" href=\"https:\/\/www.andreas-edler.de\/blog\/2010\/04\/tod-durch-sperrpfosten\/\"> <span class=\"screen-reader-text\">S\u00fcltebusch: Tod durch Sperrpfosten<\/span> Weiterlesen &raquo;<\/a><\/p>\n","protected":false},"author":1,"featured_media":0,"comment_status":"open","ping_status":"open","sticky":false,"template":"","format":"standard","meta":{"ngg_post_thumbnail":0,"activitypub_content_warning":"","activitypub_content_visibility":"","activitypub_max_image_attachments":2,"activitypub_interaction_policy_quote":"anyone","activitypub_status":"","footnotes":""},"categories":[14,15,13],"tags":[251,34,127,59,318,535,72],"class_list":["post-7548","post","type-post","status-publish","format-standard","hentry","category-bad-oeynhausen","category-fahrrad","category-verkehr","tag-infrastruktur","tag-kommunikation","tag-polizei","tag-presse","tag-sielpark","tag-sueltebusch","tag-verwaltung"],"share_on_mastodon":{"url":"","error":""},"_links":{"self":[{"href":"https:\/\/www.andreas-edler.de\/blog\/wp-json\/wp\/v2\/posts\/7548","targetHints":{"allow":["GET"]}}],"collection":[{"href":"https:\/\/www.andreas-edler.de\/blog\/wp-json\/wp\/v2\/posts"}],"about":[{"href":"https:\/\/www.andreas-edler.de\/blog\/wp-json\/wp\/v2\/types\/post"}],"author":[{"embeddable":true,"href":"https:\/\/www.andreas-edler.de\/blog\/wp-json\/wp\/v2\/users\/1"}],"replies":[{"embeddable":true,"href":"https:\/\/www.andreas-edler.de\/blog\/wp-json\/wp\/v2\/comments?post=7548"}],"version-history":[{"count":0,"href":"https:\/\/www.andreas-edler.de\/blog\/wp-json\/wp\/v2\/posts\/7548\/revisions"}],"wp:attachment":[{"href":"https:\/\/www.andreas-edler.de\/blog\/wp-json\/wp\/v2\/media?parent=7548"}],"wp:term":[{"taxonomy":"category","embeddable":true,"href":"https:\/\/www.andreas-edler.de\/blog\/wp-json\/wp\/v2\/categories?post=7548"},{"taxonomy":"post_tag","embeddable":true,"href":"https:\/\/www.andreas-edler.de\/blog\/wp-json\/wp\/v2\/tags?post=7548"}],"curies":[{"name":"wp","href":"https:\/\/api.w.org\/{rel}","templated":true}]}}