{"id":7522,"date":"2010-04-13T06:43:16","date_gmt":"2010-04-13T05:43:16","guid":{"rendered":"http:\/\/www.andreas-edler.de\/blog\/?p=7522"},"modified":"2010-04-22T15:25:30","modified_gmt":"2010-04-22T14:25:30","slug":"prioritaten-der-stadt","status":"publish","type":"post","link":"https:\/\/www.andreas-edler.de\/blog\/2010\/04\/prioritaten-der-stadt\/","title":{"rendered":"Priorit\u00e4ten der Stadt"},"content":{"rendered":"<p>Gestern morgen habe ich auf dem Weg ins B\u00fcro mit Erstaunen festgestellt, dass eines der Schlagl\u00f6cher auf dem westlichen Radweg an der Eidinghausener Stra\u00dfe provisorisch mit Kaltasphalt gef\u00fcllt war. Nicht wirklich gewundert habe ich mich, dass es genau das Schlagloch in der Ausfahrt der Jet-Tankstelle war. Sobald Autos betroffen sind &#8211; und das Loch war inzwischen so gro\u00df, dass KFZ Schwierigkeiten bekamen &#8211; wird man t\u00e4tig. Soweit &#8222;nur&#8220; Radfahrer betroffen sind, scheint alles egal zu sein. Super Sache!<\/p>\n<p>Jedenfalls ist das weitaus tiefere Loch ziemlich genau gegen\u00fcber noch gr\u00f6\u00dfer geworden: <\/p>\n<p style=\"text-align:center;\"><img decoding=\"async\" src=\"http:\/\/www.andreas-edler.de\/grafik\/blog_2010\/20100413_schlagloch_eidinghausener.jpg\" width=\"470\" border=\"0\" alt=\"\" title=\"\"><\/p>\n<p> Ich m\u00f6chte gerne wissen, wer da den Kaltasphalt anger\u00fchrt hat. Inzwischen empfinde ich es als Frechheit gegen\u00fcber Radfahrern und fast als Beleidigung, wie mit solchen Sch\u00e4den umgegangen wird.<\/p>\n","protected":false},"excerpt":{"rendered":"<p>Gestern morgen habe ich auf dem Weg ins B\u00fcro mit Erstaunen festgestellt, dass eines der Schlagl\u00f6cher auf dem westlichen Radweg an der Eidinghausener Stra\u00dfe provisorisch mit Kaltasphalt gef\u00fcllt war. Nicht wirklich gewundert habe ich mich, dass es genau das Schlagloch &hellip;<\/p>\n<p class=\"read-more\"> <a class=\"more-link\" href=\"https:\/\/www.andreas-edler.de\/blog\/2010\/04\/prioritaten-der-stadt\/\"> <span class=\"screen-reader-text\">Priorit\u00e4ten der Stadt<\/span> Weiterlesen &raquo;<\/a><\/p>\n","protected":false},"author":1,"featured_media":0,"comment_status":"open","ping_status":"open","sticky":false,"template":"","format":"standard","meta":{"ngg_post_thumbnail":0,"activitypub_content_warning":"","activitypub_content_visibility":"","activitypub_max_image_attachments":2,"activitypub_interaction_policy_quote":"anyone","activitypub_status":"","footnotes":""},"categories":[14,13],"tags":[76],"class_list":["post-7522","post","type-post","status-publish","format-standard","hentry","category-bad-oeynhausen","category-verkehr","tag-sicherheit"],"share_on_mastodon":{"url":"","error":""},"_links":{"self":[{"href":"https:\/\/www.andreas-edler.de\/blog\/wp-json\/wp\/v2\/posts\/7522","targetHints":{"allow":["GET"]}}],"collection":[{"href":"https:\/\/www.andreas-edler.de\/blog\/wp-json\/wp\/v2\/posts"}],"about":[{"href":"https:\/\/www.andreas-edler.de\/blog\/wp-json\/wp\/v2\/types\/post"}],"author":[{"embeddable":true,"href":"https:\/\/www.andreas-edler.de\/blog\/wp-json\/wp\/v2\/users\/1"}],"replies":[{"embeddable":true,"href":"https:\/\/www.andreas-edler.de\/blog\/wp-json\/wp\/v2\/comments?post=7522"}],"version-history":[{"count":0,"href":"https:\/\/www.andreas-edler.de\/blog\/wp-json\/wp\/v2\/posts\/7522\/revisions"}],"wp:attachment":[{"href":"https:\/\/www.andreas-edler.de\/blog\/wp-json\/wp\/v2\/media?parent=7522"}],"wp:term":[{"taxonomy":"category","embeddable":true,"href":"https:\/\/www.andreas-edler.de\/blog\/wp-json\/wp\/v2\/categories?post=7522"},{"taxonomy":"post_tag","embeddable":true,"href":"https:\/\/www.andreas-edler.de\/blog\/wp-json\/wp\/v2\/tags?post=7522"}],"curies":[{"name":"wp","href":"https:\/\/api.w.org\/{rel}","templated":true}]}}